{"id":7841,"date":"2026-04-22T12:55:30","date_gmt":"2026-04-22T10:55:30","guid":{"rendered":"https:\/\/igorsimko.sk\/?p=7841"},"modified":"2026-04-29T09:55:30","modified_gmt":"2026-04-29T07:55:30","slug":"referendum-o-pocte-mc-v-kosiciach","status":"publish","type":"post","link":"https:\/\/igorsimko.sk\/hu\/referendum-o-pocte-mc-v-kosiciach\/","title":{"rendered":"Referendum o po\u010dte M\u010c v Ko\u0161iciach"},"content":{"rendered":"<div id=\"fws_69f40d4e379bc\"  data-column-margin=\"default\" data-midnight=\"dark\"  class=\"wpb_row vc_row-fluid vc_row\"  style=\"padding-top: 40px; padding-bottom: 0px; \"><div class=\"row-bg-wrap\" data-bg-animation=\"none\" data-bg-animation-delay=\"\" data-bg-overlay=\"false\"><div class=\"inner-wrap row-bg-layer\" ><div class=\"row-bg viewport-desktop\"  style=\"\"><\/div><\/div><\/div><div class=\"row_col_wrap_12 col span_12 dark left\">\n\t<div  class=\"vc_col-sm-12 wpb_column column_container vc_column_container col no-extra-padding inherit_tablet inherit_phone flex_gap_desktop_10px\"  data-padding-pos=\"all\" data-has-bg-color=\"false\" data-bg-color=\"\" data-bg-opacity=\"1\" data-animation=\"\" data-delay=\"0\" >\n\t\t<div class=\"vc_column-inner\" >\n\t\t\t<div class=\"wpb_wrapper\">\n\t\t\t\t\n<div class=\"wpb_text_column wpb_content_element\" >\n\t<h2 class=\"heading--article\">V Ko\u0161iciach by sa mohlo o po\u010dte mestsk\u00fdch \u010dast\u00ed rozhodova\u0165 v referende, n\u00e1vrh ide do parlamentu<\/h2>\n<p class=\"perex\"><strong>Zmena m\u00f4\u017ee ich po\u010det v\u00fdrazne zn\u00ed\u017ei\u0165.<\/strong><\/p>\n<p class=\"align-left\">N\u00e1vrh na zmenu Z\u00e1kona o meste Ko\u0161ice nabral nov\u00fd rozmer, m\u00e1 by\u0165 doplnen\u00fd o in\u0161tit\u00fat referenda. Informoval o tom poslanec <a class=\"link--underline\" href=\"https:\/\/www.sme.sk\/domov\/narodna-rada-sr-parlament\" data-itext=\"1\">N\u00e1rodnej rady<\/a> SR Igor \u0160imko (Hlas-SD), ktor\u00fd je spolu s poslancom Andrejom Sitk\u00e1rom (<a class=\"link--underline\" href=\"https:\/\/www.sme.sk\/organizacia\/smer-sd\" data-itext=\"1\">Smer-SD<\/a>) predkladate\u013eom tohto n\u00e1vrhu.<\/p>\n<div class=\"ad-position ad-position-article_body_top_position\">\n<p><!-- BODY GoogleDFPVideo BODY --><\/p>\n<div id=\"article_body_top_position-original-10861-promo-label\" class=\"artemis-promo-labels admngr-hidden\"><span class=\"admngr-promo-close-wrap\"><a class=\"artemis-promo-link-2\" href=\"https:\/\/predplatne.sme.sk\/predplatne-premium-bez-reklamy?ref=static_buttonnoads_kosice\"><span class=\"admngr-c-black-50\">Vypn\u00fa\u0165 reklamu<\/span><\/a><\/span><\/div>\n<div id=\"article_body_top_position-original-10861\" class=\"js-advm-jwoutstream-container sme-video-ad-wrapper js-advm-provider-dfp-video admngr-mbm admngr-hidden\" data-cy=\"acd\/slot\/kosice-article_body_top_position-d\">\n<p><span class=\"admngr-hidden js-advm-jwoutstream-label\">\u010cl\u00e1nok pokra\u010duje pod video reklamou<\/span><\/p>\n<div id=\"js-jwoutstream-video\" class=\"js-advm-jwotstream-content\"><\/div>\n<\/div>\n<div id=\"article_body_top_position-original-10861-fallback-video\" class=\"js-advm-provider-dfp sme-video-ad-fallback-wrapper\"><\/div>\n<p><!-- BODY GoogleDFPVideo BODY --><\/p>\n<div id=\"article_body_top_position-responsive_1-10861-promo-label\" class=\"artemis-promo-labels admngr-hidden\"><span class=\"admngr-promo-close-wrap\"><a class=\"artemis-promo-link-2\" href=\"https:\/\/predplatne.sme.sk\/predplatne-premium-bez-reklamy?ref=static_buttonnoads_kosice\"><span class=\"admngr-c-black-50\">Vypn\u00fa\u0165 reklamu<\/span><\/a><\/span><\/div>\n<div id=\"article_body_top_position-responsive_1-10861\" class=\"js-advm-jwoutstream-container sme-video-ad-wrapper js-advm-provider-dfp-video admngr-mbm\" data-cy=\"acd\/slot\/kosice-article_body_top_position-m\">\n<p><span class=\"admngr-hidden js-advm-jwoutstream-label\">\u010cl\u00e1nok pokra\u010duje pod video reklamou<\/span><\/p>\n<div class=\"js-advm-jwotstream-content\"><\/div>\n<\/div>\n<div id=\"article_body_top_position-responsive_1-10861-fallback-video\" class=\"js-advm-provider-dfp sme-video-ad-fallback-wrapper\"><\/div>\n<\/div>\n<p class=\"align-left\">Ako uviedol, po opakovan\u00fdch rokovaniach so z\u00fa\u010dastnen\u00fdmi stranami pri\u0161li s doplnen\u00edm n\u00e1vrhu o in\u0161tit\u00fat referenda.<\/p>\n<p>&nbsp;<\/p>\n<h3 class=\"heading h-2 align-left\">Chc\u00fa rozhodova\u0165 spolu s Ko\u0161i\u010danmi<\/h3>\n<p class=\"align-left\">\u201eO Ko\u0161iciach chceme rozhodova\u0165 spolu s Ko\u0161i\u010danmi. Po vypo\u010dut\u00ed r\u00f4znych n\u00e1zorov \u013eud\u00ed, starostov aj vedenia mesta sme sa rozhodli doplni\u0165 do n\u00e1vrhu najdemokratickej\u0161\u00ed prvok \u2013 referendum,\u201c ozrejmil. Na aktu\u00e1lnej sch\u00f4dzi parlamentu bol vo v\u00fdbore schv\u00e1len\u00fd pozme\u0148uj\u00faci n\u00e1vrh, pod\u013ea ktor\u00e9ho by mesto Ko\u0161ice mohlo po dohode s mestsk\u00fdmi poslancami a starostami pripravi\u0165 alternat\u00edvny model \u00fazemn\u00e9ho \u010dlenenia.<\/p>\n<p class=\"align-left\">O takto pripravenom n\u00e1vrhu by n\u00e1sledne obyvate\u013estvo metropoly v\u00fdchodu rozhodovalo v referende. Kona\u0165 by sa malo v de\u0148 <a class=\"link--underline\" href=\"https:\/\/volby.sme.sk\/parlamentne-volby\/2023\/vysledky\" data-itext=\"1\">volieb do N\u00e1rodnej rady SR<\/a>, ktor\u00e9 by mali by\u0165 na jese\u0148 2027. Z\u00e1rove\u0148 by ale maxim\u00e1lny po\u010det mestsk\u00fdch \u010dast\u00ed nemohol by\u0165 viac ne\u017e desa\u0165. Podmienkou je aj to, \u017ee najmen\u0161ia mestsk\u00e1 \u010das\u0165 by nemala ma\u0165 menej ako p\u00e4\u0165tis\u00edc obyvate\u013eov, aby bol zachovan\u00fd cie\u013e racionaliz\u00e1cie a efekt\u00edvnej\u0161ieho fungovania samospr\u00e1vy.<\/p>\n<p class=\"align-left\">\u201eN\u00e1\u0161 n\u00e1vrh o Ko\u0161iciach so \u0161tyrmi mestsk\u00fdmi \u010das\u0165ami, ktor\u00e9 kop\u00edruj\u00fa okresy plat\u00ed. Ak v\u0161ak mesto, poslanci a starostovia po v\u00e4\u010d\u0161inovej zhode a po podkladoch z anal\u00fdzy pripravia rie\u0161enie, s ktor\u00fdm bud\u00fa Ko\u0161i\u010dania s\u00fahlasi\u0165, toto rie\u0161enie bude od roku 2030, resp. 2031 aj plati\u0165. \u013dudia teda maj\u00fa posledn\u00e9 slovo. M\u00f4\u017eu to by\u0165 Ko\u0161ice pod\u013ea \u013eud\u00ed. Ak by sme v\u0161ak neurobili ni\u010d, tak by to bolo iba \u010fal\u0161ie prejedanie rozpo\u010dtu a zvy\u0161ovanie dan\u00ed \u013eu\u010fom ako roky doteraz,\u201c vrav\u00ed \u0160imko.<\/p>\n<p>&nbsp;<\/p>\n<h3 class=\"heading h-2 align-left\">Nadmern\u00fd administrat\u00edvny apar\u00e1t<\/h3>\n<p class=\"align-left\">Ak by bolo referendum ne\u00faspe\u0161n\u00e9, pr\u00edpadne by hlasuj\u00faci n\u00e1vrh mesta nepodporili, n\u00e1vrh stanovuje, \u017ee od roku 2030\/2031 sa po\u010det mestsk\u00fdch \u010dast\u00ed automaticky zn\u00ed\u017ei na \u0161tyri, a to pod\u013ea aktu\u00e1lneho okresn\u00e9ho \u010dlenenia (mesto sa \u010dlen\u00ed na \u0161tyri okresy Ko\u0161ice I a\u017e Ko\u0161ice IV &#8211; pozn. SITA). Predkladatelia tak chc\u00fa docieli\u0165, aby sa rie\u0161enie t\u00e9my u\u017e \u010falej neodkladalo.<\/p>\n<p class=\"align-left\">\u201eMili\u00f3ny eur Ko\u0161i\u010danov nem\u00f4\u017eu \u010falej odch\u00e1dza\u0165 na nadmern\u00fd administrat\u00edvny apar\u00e1t. Tieto peniaze maj\u00fa sl\u00fa\u017ei\u0165 \u013eu\u010fom, ktor\u00ed volaj\u00fa po zmene v tejto oblasti, v hospod\u00e1rnosti, v opr\u00e1vnen\u00fdch n\u00e1rokoch na kvalitu \u017eivota v druhom najv\u00e4\u010d\u0161om meste na Slovensku,\u201c dodal \u0160imko.<\/p>\n<p class=\"align-left\">Pozme\u0148uj\u00faci n\u00e1vrh tie\u017e garantuje mestsk\u00fdm \u010dastiam, \u017ee ka\u017ed\u00e1 bude ma\u0165 svojho poslanca v mestskom zastupite\u013estve, zachovaj\u00fa sa aj ich historick\u00e9 n\u00e1zvy, identita a symboly jednotliv\u00fdch, po novom u\u017e miestnych \u010dast\u00ed.<\/p>\n<p>&nbsp;<\/p>\n<h3 class=\"heading h-2 align-left\">Zn\u00ed\u017eenie odmien poslancov<\/h3>\n<p class=\"align-left\">N\u00e1vrh okrem toho prin\u00e1\u0161a opatrenia na zn\u00ed\u017eenie odmien poslancov o tretinu, zn\u00ed\u017eenie po\u010dtu miestnych poslancov (v zastupite\u013estv\u00e1ch M\u010c) o pribli\u017ene 40 percent i efekt\u00edvnej\u0161ie riadenie zmien, ktor\u00e9 by mal zabezpe\u010di\u0165 mana\u017e\u00e9rsky koordinovan\u00fd proces transform\u00e1cie z \u00farovne tretieho viceprim\u00e1tora, ktor\u00fd by mal tie\u017e pribudn\u00fa\u0165, ak bude predmetn\u00fd n\u00e1vrh z\u00e1kona schv\u00e1len\u00fd.<\/p>\n<p class=\"align-left\">N\u00e1vrh neopomenul ani \u013eud\u00ed, ktor\u00ed roky pracuj\u00fa v mestsk\u00fdch \u010dastiach. Ak bude n\u00e1vrh schv\u00e1len\u00fd, bude \u0161tyri alebo p\u00e4\u0165 rokov na to, aby sa ka\u017ed\u00fd, kto je v d\u00f4chodkovom veku, pr\u00edpadne je kr\u00e1tko pred n\u00e1stupom do d\u00f4chodku, ubezpe\u010dil o svojom postupnom ukon\u010den\u00ed pracovn\u00e9ho pomeru f\u00e9rovo.<\/p>\n<p class=\"align-left\">\u201ePustili sme sa do procesu zmeny s vedom\u00edm, \u017ee to nebude jednoduch\u00e9. Toto v\u0161ak nie je zmena pre funkcion\u00e1rov. Je to na\u0161a pr\u00e1ca pre Ko\u0161i\u010danov. Ver\u00edme, \u017ee t\u00fdmto sp\u00f4sobom sa podar\u00ed zavies\u0165 rie\u0161enie, ktor\u00e9 bude f\u00e9rov\u00e9 pre \u013eud\u00ed, demokratick\u00e9 a dlhodobo udr\u017eate\u013en\u00e9,\u201c dodal \u0160imko.<\/p>\n<div class=\"ad-position ad-position-article_body_4\"><\/div>\n<p class=\"align-left\">Poslanci \u0160imko a Sitk\u00e1r predlo\u017eili n\u00e1vrh na zmenu Z\u00e1kona o meste Ko\u0161ice do parlamentu minul\u00fd rok, jeho cie\u013eom je prinies\u0165 rie\u0161enie dlhodobo diskutovanej racionaliz\u00e1cie po\u010dtu mestsk\u00fdch \u010dast\u00ed v Ko\u0161iciach. Druh\u00e9 najv\u00e4\u010d\u0161ie mesto na Slovensku m\u00e1 necel\u00fdch \u0161tvr\u0165 mili\u00f3na obyvate\u013eov a 22 mestsk\u00fdch \u010dast\u00ed.<\/p>\n<p>&nbsp;<\/p>\n<h3 class=\"align-left\">Starostovsk\u00e9 stoli\u010dky za mili\u00f3ny eur<\/h3>\n<p class=\"align-left\">\u201e8,7 mili\u00f3na eur ro\u010dne dnes stoj\u00ed Ko\u0161i\u010danov 22 starostovsk\u00fdch stoli\u010diek, stovky poslancov, apar\u00e1ty 22 miestnych \u00faradov. \u013dudia chc\u00fa opraven\u00e9 \u0161portovisk\u00e1, opraven\u00e9 \u0161k\u00f4lky, \u0161koly, ihrisk\u00e1, chodn\u00edky, alebo starostlivos\u0165 o zele\u0148, \u010di nov\u00e9 parkovacie miesta. Tento probl\u00e9m je v Ko\u0161iciach na stole desiatky rokov a rovnako dlho ho starostovia a doteraj\u0161ie vedenia Ko\u0161\u00edc nevyrie\u0161ili. Prist\u00fapili sme preto k rie\u0161eniu na \u00farovni N\u00e1rodnej rady,\u201c objasnil \u0160imko. Z\u00e1kon je na programe aktu\u00e1lnej parlamentnej sch\u00f4dze vo \u0161tvrtok poobede.<\/p>\n<\/div>\n\n\n\n\n\t\t\t<\/div> \n\t\t<\/div>\n\t<\/div> \n<\/div><\/div>\n\t\t<div id=\"fws_69f40d4e384f8\"  data-column-margin=\"default\" data-midnight=\"dark\"  class=\"wpb_row vc_row-fluid vc_row\"  style=\"padding-top: 40px; padding-bottom: 0px; \"><div class=\"row-bg-wrap\" data-bg-animation=\"none\" data-bg-animation-delay=\"\" data-bg-overlay=\"false\"><div class=\"inner-wrap row-bg-layer\" ><div class=\"row-bg viewport-desktop\"  style=\"\"><\/div><\/div><\/div><div class=\"row_col_wrap_12 col span_12 dark left\">\n\t<div  class=\"vc_col-sm-12 wpb_column column_container vc_column_container col no-extra-padding force-desktop-text-align-center inherit_tablet inherit_phone\"  data-padding-pos=\"all\" data-has-bg-color=\"false\" data-bg-color=\"\" data-bg-opacity=\"1\" data-animation=\"\" data-delay=\"0\" >\n\t\t<div class=\"vc_column-inner\" >\n\t\t\t<div class=\"wpb_wrapper\">\n\t\t\t\t\n\t\t\t<\/div> \n\t\t<\/div>\n\t<\/div> \n<\/div><\/div>\n\t\t<div id=\"fws_69f40d4e38706\"  data-column-margin=\"default\" data-midnight=\"dark\"  class=\"wpb_row vc_row-fluid vc_row\"  style=\"padding-top: 0px; padding-bottom: 0px; \"><div class=\"row-bg-wrap\" data-bg-animation=\"none\" data-bg-animation-delay=\"\" data-bg-overlay=\"false\"><div class=\"inner-wrap row-bg-layer\" ><div class=\"row-bg viewport-desktop\"  style=\"\"><\/div><\/div><\/div><div class=\"row_col_wrap_12 col span_12 dark left\">\n\t<div  class=\"vc_col-sm-12 wpb_column column_container vc_column_container col no-extra-padding inherit_tablet inherit_phone flex_gap_desktop_10px\"  data-padding-pos=\"all\" data-has-bg-color=\"false\" data-bg-color=\"\" data-bg-opacity=\"1\" data-animation=\"\" data-delay=\"0\" >\n\t\t<div class=\"vc_column-inner\" >\n\t\t\t<div class=\"wpb_wrapper\">\n\t\t\t\t\n<div class=\"wpb_text_column wpb_content_element\" >\n\t<p><span style=\"color: #850001;\"><strong>Pozrite si cel\u00fd \u010dl\u00e1nok ni\u017e\u0161ie \u2193<\/strong><\/span><\/p>\n<p><em>Zdroj: <a href=\"https:\/\/korzar.sme.sk\/kosice\/c\/v-kosiciach-sa-ma-o-pocte-mestskych-casti-rozhodovat-v-referende-navrh-ide-do-parlamentu\"><strong>korzar.sme.sk<\/strong> &#8211; https:\/\/korzar.sme.sk\/kosice\/c\/v-kosiciach-sa-ma-o-pocte-mestskych-casti-rozhodovat-v-referende-navrh-ide-do-parlamentu<\/a><\/em><\/p>\n<div class=\"detail_author_wrap\">\n<div class=\"detail_author\">\n<div class=\"detail_author_item\"><\/div>\n<\/div>\n<\/div>\n<div class=\"detail_author_wrap\">\n<div class=\"detail_author\">\n<div class=\"detail_author_item\"><\/div>\n<\/div>\n<\/div>\n<\/div>\n\n\n\n\n\t\t\t<\/div> \n\t\t<\/div>\n\t<\/div> \n<\/div><\/div>\n\t\t<div id=\"fws_69f40d4e38a84\"  data-column-margin=\"default\" data-midnight=\"dark\"  class=\"wpb_row vc_row-fluid vc_row\"  style=\"padding-top: 0px; padding-bottom: 0px; \"><div class=\"row-bg-wrap\" data-bg-animation=\"none\" data-bg-animation-delay=\"\" data-bg-overlay=\"false\"><div class=\"inner-wrap row-bg-layer\" ><div class=\"row-bg viewport-desktop\"  style=\"\"><\/div><\/div><\/div><div class=\"row_col_wrap_12 col span_12 dark left\">\n\t<div  class=\"vc_col-sm-12 wpb_column column_container vc_column_container col no-extra-padding inherit_tablet inherit_phone flex_gap_desktop_10px\"  data-padding-pos=\"all\" data-has-bg-color=\"false\" data-bg-color=\"\" data-bg-opacity=\"1\" data-animation=\"\" data-delay=\"0\" >\n\t\t<div class=\"vc_column-inner\" >\n\t\t\t<div class=\"wpb_wrapper\">\n\t\t\t\t\n\t\t\t<\/div> \n\t\t<\/div>\n\t<\/div> \n<\/div><\/div>","protected":false},"excerpt":{"rendered":"V Ko\u0161iciach by sa mohlo o po\u010dte mestsk\u00fdch \u010dast\u00ed rozhodova\u0165 v referende, n\u00e1vrh ide do parlamentu Zmena m\u00f4\u017ee ich po\u010det v\u00fdrazne zn\u00ed\u017ei\u0165. N\u00e1vrh na zmenu...","protected":false},"author":1,"featured_media":6162,"comment_status":"open","ping_status":"open","sticky":false,"template":"","format":"standard","meta":{"footnotes":""},"categories":[103],"tags":[69,71],"class_list":{"0":"post-7841","1":"post","2":"type-post","3":"status-publish","4":"format-standard","5":"has-post-thumbnail","7":"category-kosice-sk","8":"tag-politika","9":"tag-vychod"},"yoast_head":"<!-- This site is optimized with the Yoast SEO plugin v26.8 - https:\/\/yoast.com\/product\/yoast-seo-wordpress\/ -->\n<title>Igor \u0160imko - Referendum o po\u010dte M\u010c v Ko\u0161iciach<\/title>\n<meta name=\"description\" content=\"V Ko\u0161iciach by sa mohlo o po\u010dte mestsk\u00fdch \u010dast\u00ed rozhodova\u0165 v referende, n\u00e1vrh ide do parlamentu. Informoval o tom poslanec NRSR Igor \u0160imko.\" \/>\n<meta name=\"robots\" content=\"index, follow, max-snippet:-1, max-image-preview:large, max-video-preview:-1\" \/>\n<link rel=\"canonical\" href=\"\/hu\/https:\/\/igorsimko.sk\/hu\/referendum-o-pocte-mc-v-kosiciach\/\/\" \/>\n<meta property=\"og:locale\" content=\"sk_SK\" \/>\n<meta property=\"og:type\" content=\"article\" \/>\n<meta property=\"og:title\" content=\"Igor \u0160imko - Referendum o po\u010dte M\u010c v Ko\u0161iciach\" \/>\n<meta property=\"og:description\" content=\"Hlas-SD reprezentovali Michal Bartek (poslanec NR SR) a Igor \u0160imko (poslanec NR SR) a za PS pri\u0161li Zuzana Mesterov\u00e1 (predsedn\u00ed\u010dka poslaneck\u00e9ho klubu) a Peter B\u00e1tor (zahrani\u010dn\u00fd expert).\" \/>\n<meta property=\"og:url\" content=\"\/hu\/https:\/\/igorsimko.sk\/hu\/referendum-o-pocte-mc-v-kosiciach\/\/\" \/>\n<meta property=\"og:site_name\" content=\"www.igorsimko.sk\" \/>\n<meta property=\"article:published_time\" content=\"2026-04-22T10:55:30+00:00\" \/>\n<meta property=\"article:modified_time\" content=\"2026-04-29T07:55:30+00:00\" \/>\n<meta property=\"og:image\" content=\"http:\/\/igorsimko.sk\/wp-content\/uploads\/2026\/01\/DSC05071-1-scaled.jpg\" \/>\n\t<meta property=\"og:image:width\" content=\"2560\" \/>\n\t<meta property=\"og:image:height\" content=\"1706\" \/>\n\t<meta property=\"og:image:type\" content=\"image\/jpeg\" \/>\n<meta name=\"author\" content=\"Igor \u0160imko\" \/>\n<meta name=\"twitter:card\" content=\"summary_large_image\" \/>\n<meta name=\"twitter:label1\" content=\"Autor\" \/>\n\t<meta name=\"twitter:data1\" content=\"Igor \u0160imko\" \/>\n\t<meta name=\"twitter:label2\" content=\"Predpokladan\u00fd \u010das \u010d\u00edtania\" \/>\n\t<meta name=\"twitter:data2\" content=\"4 min\u00faty\" \/>\n<script type=\"application\/ld+json\" class=\"yoast-schema-graph\">{\"@context\":\"https:\/\/schema.org\",\"@graph\":[{\"@type\":\"Article\",\"@id\":\"https:\/\/igorsimko.sk\/hu\/referendum-o-pocte-mc-v-kosiciach\/#article\",\"isPartOf\":{\"@id\":\"https:\/\/igorsimko.sk\/hu\/referendum-o-pocte-mc-v-kosiciach\/\"},\"author\":{\"name\":\"Igor \u0160imko\",\"@id\":\"https:\/\/igorsimko.sk\/#\/schema\/person\/356ef4c752e749ac28f30b31a94ae95d\"},\"headline\":\"Referendum o po\u010dte M\u010c v Ko\u0161iciach\",\"datePublished\":\"2026-04-22T10:55:30+00:00\",\"dateModified\":\"2026-04-29T07:55:30+00:00\",\"mainEntityOfPage\":{\"@id\":\"https:\/\/igorsimko.sk\/hu\/referendum-o-pocte-mc-v-kosiciach\/\"},\"wordCount\":1639,\"commentCount\":0,\"publisher\":{\"@id\":\"https:\/\/igorsimko.sk\/#\/schema\/person\/356ef4c752e749ac28f30b31a94ae95d\"},\"image\":{\"@id\":\"https:\/\/igorsimko.sk\/hu\/referendum-o-pocte-mc-v-kosiciach\/#primaryimage\"},\"thumbnailUrl\":\"https:\/\/igorsimko.sk\/wp-content\/uploads\/2026\/01\/Kosice.jpg\",\"keywords\":[\"Politika\",\"V\u00fdchod\"],\"articleSection\":[\"Ko\u0161ice\"],\"inLanguage\":\"sk-SK\",\"potentialAction\":[{\"@type\":\"CommentAction\",\"name\":\"Comment\",\"target\":[\"https:\/\/igorsimko.sk\/hu\/referendum-o-pocte-mc-v-kosiciach\/#respond\"]}]},{\"@type\":\"WebPage\",\"@id\":\"https:\/\/igorsimko.sk\/hu\/referendum-o-pocte-mc-v-kosiciach\/\",\"url\":\"https:\/\/igorsimko.sk\/hu\/referendum-o-pocte-mc-v-kosiciach\/\",\"name\":\"Igor \u0160imko - Referendum o po\u010dte M\u010c v Ko\u0161iciach\",\"isPartOf\":{\"@id\":\"https:\/\/igorsimko.sk\/#website\"},\"primaryImageOfPage\":{\"@id\":\"https:\/\/igorsimko.sk\/hu\/referendum-o-pocte-mc-v-kosiciach\/#primaryimage\"},\"image\":{\"@id\":\"https:\/\/igorsimko.sk\/hu\/referendum-o-pocte-mc-v-kosiciach\/#primaryimage\"},\"thumbnailUrl\":\"https:\/\/igorsimko.sk\/wp-content\/uploads\/2026\/01\/Kosice.jpg\",\"datePublished\":\"2026-04-22T10:55:30+00:00\",\"dateModified\":\"2026-04-29T07:55:30+00:00\",\"description\":\"V Ko\u0161iciach by sa mohlo o po\u010dte mestsk\u00fdch \u010dast\u00ed rozhodova\u0165 v referende, n\u00e1vrh ide do parlamentu. Informoval o tom poslanec NRSR Igor \u0160imko.\",\"breadcrumb\":{\"@id\":\"https:\/\/igorsimko.sk\/hu\/referendum-o-pocte-mc-v-kosiciach\/#breadcrumb\"},\"inLanguage\":\"sk-SK\",\"potentialAction\":[{\"@type\":\"ReadAction\",\"target\":[\"https:\/\/igorsimko.sk\/hu\/referendum-o-pocte-mc-v-kosiciach\/\"]}]},{\"@type\":\"ImageObject\",\"inLanguage\":\"sk-SK\",\"@id\":\"https:\/\/igorsimko.sk\/hu\/referendum-o-pocte-mc-v-kosiciach\/#primaryimage\",\"url\":\"https:\/\/igorsimko.sk\/wp-content\/uploads\/2026\/01\/Kosice.jpg\",\"contentUrl\":\"https:\/\/igorsimko.sk\/wp-content\/uploads\/2026\/01\/Kosice.jpg\",\"width\":2000,\"height\":1333,\"caption\":\"Referendum o po\u010dte M\u010c v Ko\u0161iciach\"},{\"@type\":\"BreadcrumbList\",\"@id\":\"https:\/\/igorsimko.sk\/hu\/referendum-o-pocte-mc-v-kosiciach\/#breadcrumb\",\"itemListElement\":[{\"@type\":\"ListItem\",\"position\":1,\"name\":\"Domovsk\u00e1 str\u00e1nka\",\"item\":\"https:\/\/igorsimko.sk\/\"},{\"@type\":\"ListItem\",\"position\":2,\"name\":\"Referendum o po\u010dte M\u010c v Ko\u0161iciach\"}]},{\"@type\":\"WebSite\",\"@id\":\"https:\/\/igorsimko.sk\/#website\",\"url\":\"https:\/\/igorsimko.sk\/\",\"name\":\"www.igorsimko.sk\",\"description\":\"\",\"publisher\":{\"@id\":\"https:\/\/igorsimko.sk\/#\/schema\/person\/356ef4c752e749ac28f30b31a94ae95d\"},\"potentialAction\":[{\"@type\":\"SearchAction\",\"target\":{\"@type\":\"EntryPoint\",\"urlTemplate\":\"https:\/\/igorsimko.sk\/?s={search_term_string}\"},\"query-input\":{\"@type\":\"PropertyValueSpecification\",\"valueRequired\":true,\"valueName\":\"search_term_string\"}}],\"inLanguage\":\"sk-SK\"},{\"@type\":[\"Person\",\"Organization\"],\"@id\":\"https:\/\/igorsimko.sk\/#\/schema\/person\/356ef4c752e749ac28f30b31a94ae95d\",\"name\":\"Igor \u0160imko\",\"image\":{\"@type\":\"ImageObject\",\"inLanguage\":\"sk-SK\",\"@id\":\"https:\/\/igorsimko.sk\/#\/schema\/person\/image\/\",\"url\":\"http:\/\/igorsimko.sk\/wp-content\/uploads\/2026\/01\/logo-s-ramom-scaled.png\",\"contentUrl\":\"http:\/\/igorsimko.sk\/wp-content\/uploads\/2026\/01\/logo-s-ramom-scaled.png\",\"width\":2560,\"height\":2560,\"caption\":\"Igor \u0160imko\"},\"logo\":{\"@id\":\"https:\/\/igorsimko.sk\/#\/schema\/person\/image\/\"},\"sameAs\":[\"http:\/\/igorsimko.sk\"],\"url\":\"https:\/\/igorsimko.sk\/hu\/author\/privia\/\"}]}<\/script>\n<!-- \/ Yoast SEO plugin. -->","yoast_head_json":{"title":"Igor \u0160imko - Referendum o po\u010dte M\u010c v Ko\u0161iciach","description":"V Ko\u0161iciach by sa mohlo o po\u010dte mestsk\u00fdch \u010dast\u00ed rozhodova\u0165 v referende, n\u00e1vrh ide do parlamentu. Informoval o tom poslanec NRSR Igor \u0160imko.","robots":{"index":"index","follow":"follow","max-snippet":"max-snippet:-1","max-image-preview":"max-image-preview:large","max-video-preview":"max-video-preview:-1"},"canonical":"\/hu\/https:\/\/igorsimko.sk\/hu\/referendum-o-pocte-mc-v-kosiciach\/\/","og_locale":"sk_SK","og_type":"article","og_title":"Igor \u0160imko - Referendum o po\u010dte M\u010c v Ko\u0161iciach","og_description":"Hlas-SD reprezentovali Michal Bartek (poslanec NR SR) a Igor \u0160imko (poslanec NR SR) a za PS pri\u0161li Zuzana Mesterov\u00e1 (predsedn\u00ed\u010dka poslaneck\u00e9ho klubu) a Peter B\u00e1tor (zahrani\u010dn\u00fd expert).","og_url":"\/hu\/https:\/\/igorsimko.sk\/hu\/referendum-o-pocte-mc-v-kosiciach\/\/","og_site_name":"www.igorsimko.sk","article_published_time":"2026-04-22T10:55:30+00:00","article_modified_time":"2026-04-29T07:55:30+00:00","og_image":[{"width":2560,"height":1706,"url":"http:\/\/igorsimko.sk\/wp-content\/uploads\/2026\/01\/DSC05071-1-scaled.jpg","type":"image\/jpeg"}],"author":"Igor \u0160imko","twitter_card":"summary_large_image","twitter_misc":{"Autor":"Igor \u0160imko","Predpokladan\u00fd \u010das \u010d\u00edtania":"4 min\u00faty"},"schema":{"@context":"https:\/\/schema.org","@graph":[{"@type":"Article","@id":"https:\/\/igorsimko.sk\/hu\/referendum-o-pocte-mc-v-kosiciach\/#article","isPartOf":{"@id":"https:\/\/igorsimko.sk\/hu\/referendum-o-pocte-mc-v-kosiciach\/"},"author":{"name":"Igor \u0160imko","@id":"https:\/\/igorsimko.sk\/#\/schema\/person\/356ef4c752e749ac28f30b31a94ae95d"},"headline":"Referendum o po\u010dte M\u010c v Ko\u0161iciach","datePublished":"2026-04-22T10:55:30+00:00","dateModified":"2026-04-29T07:55:30+00:00","mainEntityOfPage":{"@id":"https:\/\/igorsimko.sk\/hu\/referendum-o-pocte-mc-v-kosiciach\/"},"wordCount":1639,"commentCount":0,"publisher":{"@id":"https:\/\/igorsimko.sk\/#\/schema\/person\/356ef4c752e749ac28f30b31a94ae95d"},"image":{"@id":"https:\/\/igorsimko.sk\/hu\/referendum-o-pocte-mc-v-kosiciach\/#primaryimage"},"thumbnailUrl":"https:\/\/igorsimko.sk\/wp-content\/uploads\/2026\/01\/Kosice.jpg","keywords":["Politika","V\u00fdchod"],"articleSection":["Ko\u0161ice"],"inLanguage":"sk-SK","potentialAction":[{"@type":"CommentAction","name":"Comment","target":["https:\/\/igorsimko.sk\/hu\/referendum-o-pocte-mc-v-kosiciach\/#respond"]}]},{"@type":"WebPage","@id":"https:\/\/igorsimko.sk\/hu\/referendum-o-pocte-mc-v-kosiciach\/","url":"https:\/\/igorsimko.sk\/hu\/referendum-o-pocte-mc-v-kosiciach\/","name":"Igor \u0160imko - Referendum o po\u010dte M\u010c v Ko\u0161iciach","isPartOf":{"@id":"https:\/\/igorsimko.sk\/#website"},"primaryImageOfPage":{"@id":"https:\/\/igorsimko.sk\/hu\/referendum-o-pocte-mc-v-kosiciach\/#primaryimage"},"image":{"@id":"https:\/\/igorsimko.sk\/hu\/referendum-o-pocte-mc-v-kosiciach\/#primaryimage"},"thumbnailUrl":"https:\/\/igorsimko.sk\/wp-content\/uploads\/2026\/01\/Kosice.jpg","datePublished":"2026-04-22T10:55:30+00:00","dateModified":"2026-04-29T07:55:30+00:00","description":"V Ko\u0161iciach by sa mohlo o po\u010dte mestsk\u00fdch \u010dast\u00ed rozhodova\u0165 v referende, n\u00e1vrh ide do parlamentu. Informoval o tom poslanec NRSR Igor \u0160imko.","breadcrumb":{"@id":"https:\/\/igorsimko.sk\/hu\/referendum-o-pocte-mc-v-kosiciach\/#breadcrumb"},"inLanguage":"sk-SK","potentialAction":[{"@type":"ReadAction","target":["https:\/\/igorsimko.sk\/hu\/referendum-o-pocte-mc-v-kosiciach\/"]}]},{"@type":"ImageObject","inLanguage":"sk-SK","@id":"https:\/\/igorsimko.sk\/hu\/referendum-o-pocte-mc-v-kosiciach\/#primaryimage","url":"https:\/\/igorsimko.sk\/wp-content\/uploads\/2026\/01\/Kosice.jpg","contentUrl":"https:\/\/igorsimko.sk\/wp-content\/uploads\/2026\/01\/Kosice.jpg","width":2000,"height":1333,"caption":"Referendum o po\u010dte M\u010c v Ko\u0161iciach"},{"@type":"BreadcrumbList","@id":"https:\/\/igorsimko.sk\/hu\/referendum-o-pocte-mc-v-kosiciach\/#breadcrumb","itemListElement":[{"@type":"ListItem","position":1,"name":"Domovsk\u00e1 str\u00e1nka","item":"https:\/\/igorsimko.sk\/"},{"@type":"ListItem","position":2,"name":"Referendum o po\u010dte M\u010c v Ko\u0161iciach"}]},{"@type":"WebSite","@id":"https:\/\/igorsimko.sk\/#website","url":"https:\/\/igorsimko.sk\/","name":"www.igorsimko.sk","description":"","publisher":{"@id":"https:\/\/igorsimko.sk\/#\/schema\/person\/356ef4c752e749ac28f30b31a94ae95d"},"potentialAction":[{"@type":"SearchAction","target":{"@type":"EntryPoint","urlTemplate":"https:\/\/igorsimko.sk\/?s={search_term_string}"},"query-input":{"@type":"PropertyValueSpecification","valueRequired":true,"valueName":"search_term_string"}}],"inLanguage":"sk-SK"},{"@type":["Person","Organization"],"@id":"https:\/\/igorsimko.sk\/#\/schema\/person\/356ef4c752e749ac28f30b31a94ae95d","name":"Igor \u0160imko","image":{"@type":"ImageObject","inLanguage":"sk-SK","@id":"https:\/\/igorsimko.sk\/#\/schema\/person\/image\/","url":"http:\/\/igorsimko.sk\/wp-content\/uploads\/2026\/01\/logo-s-ramom-scaled.png","contentUrl":"http:\/\/igorsimko.sk\/wp-content\/uploads\/2026\/01\/logo-s-ramom-scaled.png","width":2560,"height":2560,"caption":"Igor \u0160imko"},"logo":{"@id":"https:\/\/igorsimko.sk\/#\/schema\/person\/image\/"},"sameAs":["http:\/\/igorsimko.sk"],"url":"https:\/\/igorsimko.sk\/hu\/author\/privia\/"}]}},"_links":{"self":[{"href":"https:\/\/igorsimko.sk\/hu\/wp-json\/wp\/v2\/posts\/7841","targetHints":{"allow":["GET"]}}],"collection":[{"href":"https:\/\/igorsimko.sk\/hu\/wp-json\/wp\/v2\/posts"}],"about":[{"href":"https:\/\/igorsimko.sk\/hu\/wp-json\/wp\/v2\/types\/post"}],"author":[{"embeddable":true,"href":"https:\/\/igorsimko.sk\/hu\/wp-json\/wp\/v2\/users\/1"}],"replies":[{"embeddable":true,"href":"https:\/\/igorsimko.sk\/hu\/wp-json\/wp\/v2\/comments?post=7841"}],"version-history":[{"count":3,"href":"https:\/\/igorsimko.sk\/hu\/wp-json\/wp\/v2\/posts\/7841\/revisions"}],"predecessor-version":[{"id":7874,"href":"https:\/\/igorsimko.sk\/hu\/wp-json\/wp\/v2\/posts\/7841\/revisions\/7874"}],"wp:featuredmedia":[{"embeddable":true,"href":"https:\/\/igorsimko.sk\/hu\/wp-json\/wp\/v2\/media\/6162"}],"wp:attachment":[{"href":"https:\/\/igorsimko.sk\/hu\/wp-json\/wp\/v2\/media?parent=7841"}],"wp:term":[{"taxonomy":"category","embeddable":true,"href":"https:\/\/igorsimko.sk\/hu\/wp-json\/wp\/v2\/categories?post=7841"},{"taxonomy":"post_tag","embeddable":true,"href":"https:\/\/igorsimko.sk\/hu\/wp-json\/wp\/v2\/tags?post=7841"}],"curies":[{"name":"wp","href":"https:\/\/api.w.org\/{rel}","templated":true}]}}