{"id":7843,"date":"2026-04-22T12:55:30","date_gmt":"2026-04-22T10:55:30","guid":{"rendered":"https:\/\/igorsimko.sk\/nepszavazas-kassa-keruleteinek-szamarol\/"},"modified":"2026-04-28T12:56:17","modified_gmt":"2026-04-28T10:56:17","slug":"nepszavazas-kassa-keruleteinek-szamarol","status":"publish","type":"post","link":"https:\/\/igorsimko.sk\/hu\/nepszavazas-kassa-keruleteinek-szamarol\/?lang=hu","title":{"rendered":"N\u00e9pszavaz\u00e1s Kassa ker\u00fcleteinek sz\u00e1m\u00e1r\u00f3l"},"content":{"rendered":"<div id=\"fws_69f4237decade\"  data-column-margin=\"default\" data-midnight=\"dark\"  class=\"wpb_row vc_row-fluid vc_row\"  style=\"padding-top: 40px; padding-bottom: 0px; \"><div class=\"row-bg-wrap\" data-bg-animation=\"none\" data-bg-animation-delay=\"\" data-bg-overlay=\"false\"><div class=\"inner-wrap row-bg-layer\" ><div class=\"row-bg viewport-desktop\"  style=\"\"><\/div><\/div><\/div><div class=\"row_col_wrap_12 col span_12 dark left\">\n\t<div  class=\"vc_col-sm-12 wpb_column column_container vc_column_container col no-extra-padding inherit_tablet inherit_phone flex_gap_desktop_10px\"  data-padding-pos=\"all\" data-has-bg-color=\"false\" data-bg-color=\"\" data-bg-opacity=\"1\" data-animation=\"\" data-delay=\"0\" >\n\t\t<div class=\"vc_column-inner\" >\n\t\t\t<div class=\"wpb_wrapper\">\n\t\t\t\t\n<div class=\"wpb_text_column wpb_content_element\" >\n\t<p class=\"detail_perex episode\"><strong>J\u00e1n Feren\u010d\u00e1k l\u00e1zad\u00f3t kiz\u00e1rt\u00e1k a Hlas p\u00e1rtb\u00f3l. A vezet\u00e9s azonban elv\u00e1rja, hogy tov\u00e1bbra is t\u00e1mogassa a koal\u00edci\u00f3t a kulcsfontoss\u00e1g\u00fa t\u00f6rv\u00e9nyekn\u00e9l. A minisztereln\u00f6k bejelentette, hogy a cs\u00fct\u00f6rt\u00f6ki (m\u00e1rcius 19-i) Eur\u00f3pai Uni\u00f3 cs\u00facstal\u00e1lkoz\u00f3j\u00e1n nem t\u00e1mogatja az Ukrajn\u00e1ra vonatkoz\u00f3 cs\u00facstal\u00e1lkoz\u00f3i k\u00f6vetkeztet\u00e9seket, mivel a dokumentum nem tartalmazza a Bar\u00e1ts\u00e1g k\u0151olajvezet\u00e9kre vonatkoz\u00f3 r\u00e9szt. Tov\u00e1bbra is napirenden marad a tag\u00e1llamok sz\u00e1m\u00e1ra a k\u00e9rd\u00e9s, hogyan birk\u00f3zzanak meg az \u00fczemanyagok \u00e9s az energia \u00e1r\u00e1nak emelked\u00e9s\u00e9vel az ir\u00e1ni h\u00e1bor\u00fa k\u00f6vetkezt\u00e9ben.    A t\u00e9m\u00e1kr\u00f3l az NR SR k\u00e9pvisel\u0151ivel, Igor \u0160imk\u00f3val (Hlas-SD) \u00e9s Ivan \u0160tefunk\u00f3val (PS) besz\u00e9lgett\u00fcnk.<\/strong><\/p>\n<div class=\"detail_text_item_readmore\"><\/div>\n<\/div>\n\n\n\n\n\t\t\t<\/div> \n\t\t<\/div>\n\t<\/div> \n<\/div><\/div>\n\t\t<div id=\"fws_69f4237ded036\"  data-column-margin=\"default\" data-midnight=\"dark\"  class=\"wpb_row vc_row-fluid vc_row\"  style=\"padding-top: 40px; padding-bottom: 0px; \"><div class=\"row-bg-wrap\" data-bg-animation=\"none\" data-bg-animation-delay=\"\" data-bg-overlay=\"false\"><div class=\"inner-wrap row-bg-layer\" ><div class=\"row-bg viewport-desktop\"  style=\"\"><\/div><\/div><\/div><div class=\"row_col_wrap_12 col span_12 dark left\">\n\t<div  class=\"vc_col-sm-12 wpb_column column_container vc_column_container col no-extra-padding force-desktop-text-align-center inherit_tablet inherit_phone\"  data-padding-pos=\"all\" data-has-bg-color=\"false\" data-bg-color=\"\" data-bg-opacity=\"1\" data-animation=\"\" data-delay=\"0\" >\n\t\t<div class=\"vc_column-inner\" >\n\t\t\t<div class=\"wpb_wrapper\">\n\t\t\t\t\n\t<div class=\"wpb_raw_code wpb_raw_html wpb_content_element\" >\n\t\t<div class=\"wpb_wrapper\">\n\t\t\t<iframe loading=\"lazy\" src=\"https:\/\/www.ta3.com\/embed\/20260318-3F8AEEAF-C06C-412C-9BDD-B2EDEECE27A1\" width=\"750\" height=\"422\" frameborder=\"0\" scrolling=\"no\"><\/iframe>\n\t\t<\/div>\n\t<\/div>\n\n\t\t\t<\/div> \n\t\t<\/div>\n\t<\/div> \n<\/div><\/div>\n\t\t<div id=\"fws_69f4237ded3e8\"  data-column-margin=\"default\" data-midnight=\"dark\"  class=\"wpb_row vc_row-fluid vc_row\"  style=\"padding-top: 0px; padding-bottom: 0px; \"><div class=\"row-bg-wrap\" data-bg-animation=\"none\" data-bg-animation-delay=\"\" data-bg-overlay=\"false\"><div class=\"inner-wrap row-bg-layer\" ><div class=\"row-bg viewport-desktop\"  style=\"\"><\/div><\/div><\/div><div class=\"row_col_wrap_12 col span_12 dark left\">\n\t<div  class=\"vc_col-sm-12 wpb_column column_container vc_column_container col no-extra-padding inherit_tablet inherit_phone flex_gap_desktop_10px\"  data-padding-pos=\"all\" data-has-bg-color=\"false\" data-bg-color=\"\" data-bg-opacity=\"1\" data-animation=\"\" data-delay=\"0\" >\n\t\t<div class=\"vc_column-inner\" >\n\t\t\t<div class=\"wpb_wrapper\">\n\t\t\t\t\n<div class=\"wpb_text_column wpb_content_element\" >\n\t<p><span style=\"color: #850001;\"><strong>Tekintse meg a teljes cikket al\u00e1bb \u2193<\/strong><\/span><\/p>\n<p><em>Forr\u00e1s: <a href=\"https:\/\/www.ta3.com\/relacia\/1039823\/ferencaka-vylucili-z-hlasu-fico-bez-druzby-nebude-podpora-ako-vyriesime-ceny-paliv\"><strong>ta3.com<\/strong> &#8211; <\/a><\/em><a href=\"https:\/\/www.ta3.com\/relacia\/1039823\/ferencaka-vylucili-z-hlasu-fico-bez-druzby-nebude-podpora-ako-vyriesime-ceny-paliv\">Feren\u010d\u00e1kot kiz\u00e1rt\u00e1k a Hlasb\u00f3l \/ Fico: a Bar\u00e1ts\u00e1g n\u00e9lk\u00fcl nem lesz t\u00e1mogat\u00e1s \/ Hogyan oldjuk meg az \u00fczemanyag\u00e1rakat<\/a><\/p>\n<div class=\"detail_author_wrap\">\n<div class=\"detail_author\">\n<div class=\"detail_author_item\"><\/div>\n<\/div>\n<\/div>\n<div class=\"detail_author_wrap\">\n<div class=\"detail_author\">\n<div class=\"detail_author_item\"><\/div>\n<\/div>\n<\/div>\n<\/div>\n\n\n\n\n\t\t\t<\/div> \n\t\t<\/div>\n\t<\/div> \n<\/div><\/div>\n\t\t<div id=\"fws_69f4237ded782\"  data-column-margin=\"default\" data-midnight=\"dark\"  class=\"wpb_row vc_row-fluid vc_row\"  style=\"padding-top: 0px; padding-bottom: 0px; \"><div class=\"row-bg-wrap\" data-bg-animation=\"none\" data-bg-animation-delay=\"\" data-bg-overlay=\"false\"><div class=\"inner-wrap row-bg-layer\" ><div class=\"row-bg viewport-desktop\"  style=\"\"><\/div><\/div><\/div><div class=\"row_col_wrap_12 col span_12 dark left\">\n\t<div  class=\"vc_col-sm-12 wpb_column column_container vc_column_container col no-extra-padding inherit_tablet inherit_phone flex_gap_desktop_10px\"  data-padding-pos=\"all\" data-has-bg-color=\"false\" data-bg-color=\"\" data-bg-opacity=\"1\" data-animation=\"\" data-delay=\"0\" >\n\t\t<div class=\"vc_column-inner\" >\n\t\t\t<div class=\"wpb_wrapper\">\n\t\t\t\t\n\t\t\t<\/div> \n\t\t<\/div>\n\t<\/div> \n<\/div><\/div>","protected":false},"excerpt":{"rendered":"J\u00e1n Feren\u010d\u00e1k l\u00e1zad\u00f3t kiz\u00e1rt\u00e1k a Hlas p\u00e1rtb\u00f3l. A vezet\u00e9s azonban elv\u00e1rja, hogy tov\u00e1bbra is t\u00e1mogassa a koal\u00edci\u00f3t a kulcsfontoss\u00e1g\u00fa t\u00f6rv\u00e9nyekn\u00e9l. A minisztereln\u00f6k bejelentette, hogy a...","protected":false},"author":1,"featured_media":7249,"comment_status":"open","ping_status":"open","sticky":false,"template":"","format":"standard","meta":{"footnotes":""},"categories":[103],"tags":[71,69],"class_list":{"0":"post-7843","1":"post","2":"type-post","3":"status-publish","4":"format-standard","5":"has-post-thumbnail","7":"category-kosice-sk","8":"tag-vychod","9":"tag-politika"},"yoast_head":"<!-- This site is optimized with the Yoast SEO plugin v26.8 - https:\/\/yoast.com\/product\/yoast-seo-wordpress\/ -->\n<title>Igor \u0160imko - N\u00e9pszavaz\u00e1s Kassa ker\u00fcleteinek sz\u00e1m\u00e1r\u00f3l<\/title>\n<meta name=\"description\" content=\"Kass\u00e1n n\u00e9pszavaz\u00e1son d\u00f6nthetn\u00e9nek a v\u00e1rosr\u00e9szek sz\u00e1m\u00e1r\u00f3l, a javaslatot a parlamenthez terjesztik. Err\u0151l Igor \u0160imko orsz\u00e1ggy\u0171l\u00e9si k\u00e9pvisel\u0151 t\u00e1j\u00e9koztatott.\" \/>\n<meta name=\"robots\" content=\"index, follow, max-snippet:-1, max-image-preview:large, max-video-preview:-1\" \/>\n<link rel=\"canonical\" href=\"\/hu\/https:\/\/igorsimko.sk\/hu\/nepszavazas-kassa-keruleteinek-szamarol\/\/\" \/>\n<meta property=\"og:locale\" content=\"sk_SK\" \/>\n<meta property=\"og:type\" content=\"article\" \/>\n<meta property=\"og:title\" content=\"Igor \u0160imko - N\u00e9pszavaz\u00e1s Kassa ker\u00fcleteinek sz\u00e1m\u00e1r\u00f3l\" \/>\n<meta property=\"og:description\" content=\"A Hlas-SD-t Michal Bartek (az NR SR k\u00e9pvisel\u0151je) \u00e9s Igor \u0160imko (az NR SR k\u00e9pvisel\u0151je) k\u00e9pviselte, a PS r\u00e9sz\u00e9r\u0151l pedig Zuzana Mesterov\u00e1 (a k\u00e9pvisel\u0151i klub eln\u00f6ke) \u00e9s Peter B\u00e1tor (k\u00fcl\u00fcgyi szak\u00e9rt\u0151) \u00e9rkezett.\" \/>\n<meta property=\"og:url\" content=\"\/hu\/https:\/\/igorsimko.sk\/hu\/nepszavazas-kassa-keruleteinek-szamarol\/?lang=hu\/\" \/>\n<meta property=\"og:site_name\" content=\"www.igorsimko.sk\" \/>\n<meta property=\"article:published_time\" content=\"2026-04-22T10:55:30+00:00\" \/>\n<meta property=\"article:modified_time\" content=\"2026-04-28T10:56:17+00:00\" \/>\n<meta property=\"og:image\" content=\"http:\/\/igorsimko.sk\/wp-content\/uploads\/2026\/01\/DSC05071-1-1024x683.jpg\" \/>\n<meta name=\"author\" content=\"Igor \u0160imko\" \/>\n<meta name=\"twitter:card\" content=\"summary_large_image\" \/>\n<meta name=\"twitter:label1\" content=\"Autor\" \/>\n\t<meta name=\"twitter:data1\" content=\"Igor \u0160imko\" \/>\n\t<meta name=\"twitter:label2\" content=\"Predpokladan\u00fd \u010das \u010d\u00edtania\" \/>\n\t<meta name=\"twitter:data2\" content=\"5 min\u00fat\" \/>\n<script type=\"application\/ld+json\" class=\"yoast-schema-graph\">{\"@context\":\"https:\/\/schema.org\",\"@graph\":[{\"@type\":\"Article\",\"@id\":\"https:\/\/igorsimko.sk\/hu\/nepszavazas-kassa-keruleteinek-szamarol\/?lang=hu#article\",\"isPartOf\":{\"@id\":\"https:\/\/igorsimko.sk\/hu\/nepszavazas-kassa-keruleteinek-szamarol\/?lang=hu\"},\"author\":{\"name\":\"Igor \u0160imko\",\"@id\":\"https:\/\/igorsimko.sk\/#\/schema\/person\/356ef4c752e749ac28f30b31a94ae95d\"},\"headline\":\"N\u00e9pszavaz\u00e1s Kassa ker\u00fcleteinek sz\u00e1m\u00e1r\u00f3l\",\"datePublished\":\"2026-04-22T10:55:30+00:00\",\"dateModified\":\"2026-04-28T10:56:17+00:00\",\"mainEntityOfPage\":{\"@id\":\"https:\/\/igorsimko.sk\/hu\/nepszavazas-kassa-keruleteinek-szamarol\/?lang=hu\"},\"wordCount\":954,\"commentCount\":0,\"publisher\":{\"@id\":\"https:\/\/igorsimko.sk\/#\/schema\/person\/356ef4c752e749ac28f30b31a94ae95d\"},\"image\":{\"@id\":\"https:\/\/igorsimko.sk\/hu\/nepszavazas-kassa-keruleteinek-szamarol\/?lang=hu#primaryimage\"},\"thumbnailUrl\":\"https:\/\/igorsimko.sk\/wp-content\/uploads\/2026\/01\/Kosice.jpg\",\"keywords\":[\"V\u00fdchod\",\"Politika\"],\"articleSection\":[\"Ko\u0161ice\"],\"inLanguage\":\"sk-SK\",\"potentialAction\":[{\"@type\":\"CommentAction\",\"name\":\"Comment\",\"target\":[\"https:\/\/igorsimko.sk\/hu\/nepszavazas-kassa-keruleteinek-szamarol\/?lang=hu#respond\"]}]},{\"@type\":\"WebPage\",\"@id\":\"https:\/\/igorsimko.sk\/hu\/nepszavazas-kassa-keruleteinek-szamarol\/?lang=hu\",\"url\":\"https:\/\/igorsimko.sk\/hu\/nepszavazas-kassa-keruleteinek-szamarol\/?lang=hu\",\"name\":\"Igor \u0160imko - N\u00e9pszavaz\u00e1s Kassa ker\u00fcleteinek sz\u00e1m\u00e1r\u00f3l\",\"isPartOf\":{\"@id\":\"https:\/\/igorsimko.sk\/#website\"},\"primaryImageOfPage\":{\"@id\":\"https:\/\/igorsimko.sk\/hu\/nepszavazas-kassa-keruleteinek-szamarol\/?lang=hu#primaryimage\"},\"image\":{\"@id\":\"https:\/\/igorsimko.sk\/hu\/nepszavazas-kassa-keruleteinek-szamarol\/?lang=hu#primaryimage\"},\"thumbnailUrl\":\"https:\/\/igorsimko.sk\/wp-content\/uploads\/2026\/01\/Kosice.jpg\",\"datePublished\":\"2026-04-22T10:55:30+00:00\",\"dateModified\":\"2026-04-28T10:56:17+00:00\",\"description\":\"Kass\u00e1n n\u00e9pszavaz\u00e1son d\u00f6nthetn\u00e9nek a v\u00e1rosr\u00e9szek sz\u00e1m\u00e1r\u00f3l, a javaslatot a parlamenthez terjesztik. Err\u0151l Igor \u0160imko orsz\u00e1ggy\u0171l\u00e9si k\u00e9pvisel\u0151 t\u00e1j\u00e9koztatott.\",\"breadcrumb\":{\"@id\":\"https:\/\/igorsimko.sk\/hu\/nepszavazas-kassa-keruleteinek-szamarol\/?lang=hu#breadcrumb\"},\"inLanguage\":\"sk-SK\",\"potentialAction\":[{\"@type\":\"ReadAction\",\"target\":[\"https:\/\/igorsimko.sk\/hu\/nepszavazas-kassa-keruleteinek-szamarol\/?lang=hu\"]}]},{\"@type\":\"ImageObject\",\"inLanguage\":\"sk-SK\",\"@id\":\"https:\/\/igorsimko.sk\/hu\/nepszavazas-kassa-keruleteinek-szamarol\/?lang=hu#primaryimage\",\"url\":\"https:\/\/igorsimko.sk\/wp-content\/uploads\/2026\/01\/Kosice.jpg\",\"contentUrl\":\"https:\/\/igorsimko.sk\/wp-content\/uploads\/2026\/01\/Kosice.jpg\",\"width\":2000,\"height\":1333,\"caption\":\"N\u00e9pszavaz\u00e1s Kassa ker\u00fcleteinek sz\u00e1m\u00e1r\u00f3l\"},{\"@type\":\"BreadcrumbList\",\"@id\":\"https:\/\/igorsimko.sk\/hu\/nepszavazas-kassa-keruleteinek-szamarol\/?lang=hu#breadcrumb\",\"itemListElement\":[{\"@type\":\"ListItem\",\"position\":1,\"name\":\"Domovsk\u00e1 str\u00e1nka\",\"item\":\"https:\/\/igorsimko.sk\/\"},{\"@type\":\"ListItem\",\"position\":2,\"name\":\"N\u00e9pszavaz\u00e1s Kassa ker\u00fcleteinek sz\u00e1m\u00e1r\u00f3l\"}]},{\"@type\":\"WebSite\",\"@id\":\"https:\/\/igorsimko.sk\/#website\",\"url\":\"https:\/\/igorsimko.sk\/\",\"name\":\"www.igorsimko.sk\",\"description\":\"\",\"publisher\":{\"@id\":\"https:\/\/igorsimko.sk\/#\/schema\/person\/356ef4c752e749ac28f30b31a94ae95d\"},\"potentialAction\":[{\"@type\":\"SearchAction\",\"target\":{\"@type\":\"EntryPoint\",\"urlTemplate\":\"https:\/\/igorsimko.sk\/?s={search_term_string}\"},\"query-input\":{\"@type\":\"PropertyValueSpecification\",\"valueRequired\":true,\"valueName\":\"search_term_string\"}}],\"inLanguage\":\"sk-SK\"},{\"@type\":[\"Person\",\"Organization\"],\"@id\":\"https:\/\/igorsimko.sk\/#\/schema\/person\/356ef4c752e749ac28f30b31a94ae95d\",\"name\":\"Igor \u0160imko\",\"image\":{\"@type\":\"ImageObject\",\"inLanguage\":\"sk-SK\",\"@id\":\"https:\/\/igorsimko.sk\/#\/schema\/person\/image\/\",\"url\":\"http:\/\/igorsimko.sk\/wp-content\/uploads\/2026\/01\/logo-s-ramom-scaled.png\",\"contentUrl\":\"http:\/\/igorsimko.sk\/wp-content\/uploads\/2026\/01\/logo-s-ramom-scaled.png\",\"width\":2560,\"height\":2560,\"caption\":\"Igor \u0160imko\"},\"logo\":{\"@id\":\"https:\/\/igorsimko.sk\/#\/schema\/person\/image\/\"},\"sameAs\":[\"http:\/\/igorsimko.sk\"],\"url\":\"https:\/\/igorsimko.sk\/hu\/author\/privia\/\"}]}<\/script>\n<!-- \/ Yoast SEO plugin. -->","yoast_head_json":{"title":"Igor \u0160imko - N\u00e9pszavaz\u00e1s Kassa ker\u00fcleteinek sz\u00e1m\u00e1r\u00f3l","description":"Kass\u00e1n n\u00e9pszavaz\u00e1son d\u00f6nthetn\u00e9nek a v\u00e1rosr\u00e9szek sz\u00e1m\u00e1r\u00f3l, a javaslatot a parlamenthez terjesztik. Err\u0151l Igor \u0160imko orsz\u00e1ggy\u0171l\u00e9si k\u00e9pvisel\u0151 t\u00e1j\u00e9koztatott.","robots":{"index":"index","follow":"follow","max-snippet":"max-snippet:-1","max-image-preview":"max-image-preview:large","max-video-preview":"max-video-preview:-1"},"canonical":"\/hu\/https:\/\/igorsimko.sk\/hu\/nepszavazas-kassa-keruleteinek-szamarol\/\/","og_locale":"sk_SK","og_type":"article","og_title":"Igor \u0160imko - N\u00e9pszavaz\u00e1s Kassa ker\u00fcleteinek sz\u00e1m\u00e1r\u00f3l","og_description":"A Hlas-SD-t Michal Bartek (az NR SR k\u00e9pvisel\u0151je) \u00e9s Igor \u0160imko (az NR SR k\u00e9pvisel\u0151je) k\u00e9pviselte, a PS r\u00e9sz\u00e9r\u0151l pedig Zuzana Mesterov\u00e1 (a k\u00e9pvisel\u0151i klub eln\u00f6ke) \u00e9s Peter B\u00e1tor (k\u00fcl\u00fcgyi szak\u00e9rt\u0151) \u00e9rkezett.","og_url":"\/hu\/https:\/\/igorsimko.sk\/hu\/nepszavazas-kassa-keruleteinek-szamarol\/?lang=hu\/","og_site_name":"www.igorsimko.sk","article_published_time":"2026-04-22T10:55:30+00:00","article_modified_time":"2026-04-28T10:56:17+00:00","og_image":[{"url":"http:\/\/igorsimko.sk\/wp-content\/uploads\/2026\/01\/DSC05071-1-1024x683.jpg","type":"","width":"","height":""}],"author":"Igor \u0160imko","twitter_card":"summary_large_image","twitter_misc":{"Autor":"Igor \u0160imko","Predpokladan\u00fd \u010das \u010d\u00edtania":"5 min\u00fat"},"schema":{"@context":"https:\/\/schema.org","@graph":[{"@type":"Article","@id":"https:\/\/igorsimko.sk\/hu\/nepszavazas-kassa-keruleteinek-szamarol\/?lang=hu#article","isPartOf":{"@id":"https:\/\/igorsimko.sk\/hu\/nepszavazas-kassa-keruleteinek-szamarol\/?lang=hu"},"author":{"name":"Igor \u0160imko","@id":"https:\/\/igorsimko.sk\/#\/schema\/person\/356ef4c752e749ac28f30b31a94ae95d"},"headline":"N\u00e9pszavaz\u00e1s Kassa ker\u00fcleteinek sz\u00e1m\u00e1r\u00f3l","datePublished":"2026-04-22T10:55:30+00:00","dateModified":"2026-04-28T10:56:17+00:00","mainEntityOfPage":{"@id":"https:\/\/igorsimko.sk\/hu\/nepszavazas-kassa-keruleteinek-szamarol\/?lang=hu"},"wordCount":954,"commentCount":0,"publisher":{"@id":"https:\/\/igorsimko.sk\/#\/schema\/person\/356ef4c752e749ac28f30b31a94ae95d"},"image":{"@id":"https:\/\/igorsimko.sk\/hu\/nepszavazas-kassa-keruleteinek-szamarol\/?lang=hu#primaryimage"},"thumbnailUrl":"https:\/\/igorsimko.sk\/wp-content\/uploads\/2026\/01\/Kosice.jpg","keywords":["V\u00fdchod","Politika"],"articleSection":["Ko\u0161ice"],"inLanguage":"sk-SK","potentialAction":[{"@type":"CommentAction","name":"Comment","target":["https:\/\/igorsimko.sk\/hu\/nepszavazas-kassa-keruleteinek-szamarol\/?lang=hu#respond"]}]},{"@type":"WebPage","@id":"https:\/\/igorsimko.sk\/hu\/nepszavazas-kassa-keruleteinek-szamarol\/?lang=hu","url":"https:\/\/igorsimko.sk\/hu\/nepszavazas-kassa-keruleteinek-szamarol\/?lang=hu","name":"Igor \u0160imko - N\u00e9pszavaz\u00e1s Kassa ker\u00fcleteinek sz\u00e1m\u00e1r\u00f3l","isPartOf":{"@id":"https:\/\/igorsimko.sk\/#website"},"primaryImageOfPage":{"@id":"https:\/\/igorsimko.sk\/hu\/nepszavazas-kassa-keruleteinek-szamarol\/?lang=hu#primaryimage"},"image":{"@id":"https:\/\/igorsimko.sk\/hu\/nepszavazas-kassa-keruleteinek-szamarol\/?lang=hu#primaryimage"},"thumbnailUrl":"https:\/\/igorsimko.sk\/wp-content\/uploads\/2026\/01\/Kosice.jpg","datePublished":"2026-04-22T10:55:30+00:00","dateModified":"2026-04-28T10:56:17+00:00","description":"Kass\u00e1n n\u00e9pszavaz\u00e1son d\u00f6nthetn\u00e9nek a v\u00e1rosr\u00e9szek sz\u00e1m\u00e1r\u00f3l, a javaslatot a parlamenthez terjesztik. Err\u0151l Igor \u0160imko orsz\u00e1ggy\u0171l\u00e9si k\u00e9pvisel\u0151 t\u00e1j\u00e9koztatott.","breadcrumb":{"@id":"https:\/\/igorsimko.sk\/hu\/nepszavazas-kassa-keruleteinek-szamarol\/?lang=hu#breadcrumb"},"inLanguage":"sk-SK","potentialAction":[{"@type":"ReadAction","target":["https:\/\/igorsimko.sk\/hu\/nepszavazas-kassa-keruleteinek-szamarol\/?lang=hu"]}]},{"@type":"ImageObject","inLanguage":"sk-SK","@id":"https:\/\/igorsimko.sk\/hu\/nepszavazas-kassa-keruleteinek-szamarol\/?lang=hu#primaryimage","url":"https:\/\/igorsimko.sk\/wp-content\/uploads\/2026\/01\/Kosice.jpg","contentUrl":"https:\/\/igorsimko.sk\/wp-content\/uploads\/2026\/01\/Kosice.jpg","width":2000,"height":1333,"caption":"N\u00e9pszavaz\u00e1s Kassa ker\u00fcleteinek sz\u00e1m\u00e1r\u00f3l"},{"@type":"BreadcrumbList","@id":"https:\/\/igorsimko.sk\/hu\/nepszavazas-kassa-keruleteinek-szamarol\/?lang=hu#breadcrumb","itemListElement":[{"@type":"ListItem","position":1,"name":"Domovsk\u00e1 str\u00e1nka","item":"https:\/\/igorsimko.sk\/"},{"@type":"ListItem","position":2,"name":"N\u00e9pszavaz\u00e1s Kassa ker\u00fcleteinek sz\u00e1m\u00e1r\u00f3l"}]},{"@type":"WebSite","@id":"https:\/\/igorsimko.sk\/#website","url":"https:\/\/igorsimko.sk\/","name":"www.igorsimko.sk","description":"","publisher":{"@id":"https:\/\/igorsimko.sk\/#\/schema\/person\/356ef4c752e749ac28f30b31a94ae95d"},"potentialAction":[{"@type":"SearchAction","target":{"@type":"EntryPoint","urlTemplate":"https:\/\/igorsimko.sk\/?s={search_term_string}"},"query-input":{"@type":"PropertyValueSpecification","valueRequired":true,"valueName":"search_term_string"}}],"inLanguage":"sk-SK"},{"@type":["Person","Organization"],"@id":"https:\/\/igorsimko.sk\/#\/schema\/person\/356ef4c752e749ac28f30b31a94ae95d","name":"Igor \u0160imko","image":{"@type":"ImageObject","inLanguage":"sk-SK","@id":"https:\/\/igorsimko.sk\/#\/schema\/person\/image\/","url":"http:\/\/igorsimko.sk\/wp-content\/uploads\/2026\/01\/logo-s-ramom-scaled.png","contentUrl":"http:\/\/igorsimko.sk\/wp-content\/uploads\/2026\/01\/logo-s-ramom-scaled.png","width":2560,"height":2560,"caption":"Igor \u0160imko"},"logo":{"@id":"https:\/\/igorsimko.sk\/#\/schema\/person\/image\/"},"sameAs":["http:\/\/igorsimko.sk"],"url":"https:\/\/igorsimko.sk\/hu\/author\/privia\/"}]}},"_links":{"self":[{"href":"https:\/\/igorsimko.sk\/hu\/wp-json\/wp\/v2\/posts\/7843","targetHints":{"allow":["GET"]}}],"collection":[{"href":"https:\/\/igorsimko.sk\/hu\/wp-json\/wp\/v2\/posts"}],"about":[{"href":"https:\/\/igorsimko.sk\/hu\/wp-json\/wp\/v2\/types\/post"}],"author":[{"embeddable":true,"href":"https:\/\/igorsimko.sk\/hu\/wp-json\/wp\/v2\/users\/1"}],"replies":[{"embeddable":true,"href":"https:\/\/igorsimko.sk\/hu\/wp-json\/wp\/v2\/comments?post=7843"}],"version-history":[{"count":1,"href":"https:\/\/igorsimko.sk\/hu\/wp-json\/wp\/v2\/posts\/7843\/revisions"}],"predecessor-version":[{"id":7844,"href":"https:\/\/igorsimko.sk\/hu\/wp-json\/wp\/v2\/posts\/7843\/revisions\/7844"}],"wp:featuredmedia":[{"embeddable":true,"href":"https:\/\/igorsimko.sk\/hu\/wp-json\/wp\/v2\/media\/7249"}],"wp:attachment":[{"href":"https:\/\/igorsimko.sk\/hu\/wp-json\/wp\/v2\/media?parent=7843"}],"wp:term":[{"taxonomy":"category","embeddable":true,"href":"https:\/\/igorsimko.sk\/hu\/wp-json\/wp\/v2\/categories?post=7843"},{"taxonomy":"post_tag","embeddable":true,"href":"https:\/\/igorsimko.sk\/hu\/wp-json\/wp\/v2\/tags?post=7843"}],"curies":[{"name":"wp","href":"https:\/\/api.w.org\/{rel}","templated":true}]}}