{"id":7846,"date":"2026-04-22T13:15:57","date_gmt":"2026-04-22T11:15:57","guid":{"rendered":"https:\/\/igorsimko.sk\/?p=7846"},"modified":"2026-04-29T10:00:27","modified_gmt":"2026-04-29T08:00:27","slug":"kosice-cakaju-velke-zmeny","status":"publish","type":"post","link":"https:\/\/igorsimko.sk\/hu\/kosice-cakaju-velke-zmeny\/","title":{"rendered":"Ko\u0161ice \u010dakaj\u00fa ve\u013ek\u00e9 zmeny"},"content":{"rendered":"<div id=\"fws_69f40fa2c84d6\"  data-column-margin=\"default\" data-midnight=\"dark\"  class=\"wpb_row vc_row-fluid vc_row\"  style=\"padding-top: 40px; padding-bottom: 0px; \"><div class=\"row-bg-wrap\" data-bg-animation=\"none\" data-bg-animation-delay=\"\" data-bg-overlay=\"false\"><div class=\"inner-wrap row-bg-layer\" ><div class=\"row-bg viewport-desktop\"  style=\"\"><\/div><\/div><\/div><div class=\"row_col_wrap_12 col span_12 dark left\">\n\t<div  class=\"vc_col-sm-12 wpb_column column_container vc_column_container col no-extra-padding inherit_tablet inherit_phone flex_gap_desktop_10px\"  data-padding-pos=\"all\" data-has-bg-color=\"false\" data-bg-color=\"\" data-bg-opacity=\"1\" data-animation=\"\" data-delay=\"0\" >\n\t\t<div class=\"vc_column-inner\" >\n\t\t\t<div class=\"wpb_wrapper\">\n\t\t\t\t\n<div class=\"wpb_text_column wpb_content_element\" >\n\t<h2 class=\"entry-title title-left\">Ko\u0161ice \u010dakaj\u00fa ve\u013ek\u00e9 zmeny.<br \/>\nO po\u010dte mestsk\u00fdch \u010dast\u00ed rozhodne referendum, existuje v\u0161ak aj pl\u00e1n B<\/h2>\n<h3><\/h3>\n<h3><strong>Referendum by sa mohlo kona\u0165 v de\u0148 parlamentn\u00fdch volieb v roku 2027.<\/strong><\/h3>\n<p>&nbsp;<\/p>\n<p><strong>O zmen\u00e1ch v \u00fazemnom \u010dlenen\u00ed mesta Ko\u0161ice by mohli rozhodn\u00fa\u0165 obyvatelia v referende. Rozhodovali by o alternat\u00edvnom modeli, ktor\u00fd by mohlo pripravi\u0165 mesto Ko\u0161ice po dohode s mestsk\u00fdmi poslancami a so starostami. Referendum by sa mohlo kona\u0165 v de\u0148 parlamentn\u00fdch volieb v roku 2027.<\/strong><\/p>\n<p>Ak by referendum nebolo \u00faspe\u0161n\u00e9, od roku 2030, respekt\u00edve 2031 by sa\u00a0<strong>po\u010det mestsk\u00fdch \u010dast\u00ed automaticky zn\u00ed\u017eil na \u0161tyri pod\u013ea aktu\u00e1lneho okresn\u00e9ho \u010dlenenia<\/strong>. Vypl\u00fdva to z pozme\u0148uj\u00faceho n\u00e1vrhu k novele z\u00e1kona o meste Ko\u0161ice, ktor\u00fd v stredu schv\u00e1lili poslanci na V\u00fdbore N\u00e1rodnej rady (NR) SR pre verejn\u00fa spr\u00e1vu a region\u00e1lny rozvoj.<\/p>\n<\/div>\n\n\n\n<div class=\"img-with-aniamtion-wrap\" data-max-width=\"100%\" data-max-width-mobile=\"default\" data-shadow=\"none\" data-animation=\"none\" >\n      <div class=\"inner\">\n        <div class=\"hover-wrap\"> \n          <div class=\"hover-wrap-inner\">\n            <img loading=\"lazy\" decoding=\"async\" class=\"img-with-animation skip-lazy\" data-delay=\"0\" height=\"630\" width=\"1200\" data-animation=\"none\" src=\"https:\/\/igorsimko.sk\/wp-content\/uploads\/2026\/04\/kosice.jpg\" alt=\"Ko\u0161ice \u010dakaj\u00fa ve\u013ek\u00e9 zmeny.\" srcset=\"https:\/\/igorsimko.sk\/wp-content\/uploads\/2026\/04\/kosice.jpg 1200w, https:\/\/igorsimko.sk\/wp-content\/uploads\/2026\/04\/kosice-300x158.jpg 300w, https:\/\/igorsimko.sk\/wp-content\/uploads\/2026\/04\/kosice-1024x538.jpg 1024w, https:\/\/igorsimko.sk\/wp-content\/uploads\/2026\/04\/kosice-768x403.jpg 768w, https:\/\/igorsimko.sk\/wp-content\/uploads\/2026\/04\/kosice-18x9.jpg 18w\" sizes=\"auto, (max-width: 1200px) 100vw, 1200px\" \/>\n          <\/div>\n        <\/div>\n        \n      <\/div>\n    <\/div>\n<div class=\"wpb_text_column wpb_content_element\" >\n\t<h3><strong>Novela po\u010d\u00edta s vytvoren\u00edm tretieho viceprim\u00e1tora Ko\u0161\u00edc<\/strong><\/h3>\n<p>O tzv. racionaliz\u00e1cii po\u010dtu mestsk\u00fdch \u010dast\u00ed (M\u010c) v Ko\u0161iciach, ktor\u00fdch je v s\u00fa\u010dasnosti 22, hovorili predkladatelia<strong>\u00a0Igor \u0160imko<\/strong>\u00a0(Hlas-SD) a\u00a0<strong>Andrej Sitk\u00e1r<\/strong>\u00a0(Smer-SD) u\u017e d\u00e1vnej\u0161ie. Ich novela po\u010d\u00edta s vytvoren\u00edm tretieho viceprim\u00e1tora Ko\u0161\u00edc, respekt\u00edve n\u00e1mestn\u00edka prim\u00e1tora, ktor\u00fd m\u00e1 rie\u0161i\u0165 najm\u00e4 racionaliz\u00e1ciu po\u010dtu M\u010c na ak\u00fdko\u013evek in\u00fd po\u010det. Novela pre\u0161la v okt\u00f3bri 2025 do druh\u00e9ho \u010d\u00edtania. \u0160imko u\u017e vtedy hovoril o snahe urobi\u0165 model \u0161tyroch mestsk\u00fdch \u010dast\u00ed \u2013 Ko\u0161ice 1 a\u017e 4, ktor\u00e9 pod\u013ea neho reflektuj\u00fa administrat\u00edvne \u010dlenenie okresov.<\/p>\n<div class=\"code-block code-block-1\">\n<div id=\"inventory_container_mob_art_after_perex_300x250\"><\/div>\n<\/div>\n<p>Pod\u013ea zmeny prijatej v stredu na v\u00fdbore by mesto Ko\u0161ice mohlo po dohode s mestsk\u00fdmi poslancami a so starostami pripravi\u0165 alternat\u00edvny model \u00fazemn\u00e9ho \u010dlenenia.\u00a0<em>\u201eO tomto n\u00e1vrhu by n\u00e1sledne rozhodli obyvatelia mesta v referende, ktor\u00e9 by sa konalo v de\u0148 volieb do N\u00e1rodnej rady SR, pravdepodobne na jese\u0148 2027,\u201c<\/em>\u00a0uviedol v tla\u010dovej spr\u00e1ve \u0160imko.\u00a0<strong>Maxim\u00e1lny po\u010det mestsk\u00fdch \u010dast\u00ed by nemohol presiahnu\u0165 desa\u0165<\/strong>, najmen\u0161ia by nemala ma\u0165 menej ako 5000 obyvate\u013eov.<\/p>\n<div class=\"code-block code-block-7\">\n<div class=\"article-middle\">\n<div id=\"horizontal-bcb99e2a-7e96-4589-ad08-4649e0e14431\" data-ewidget=\"bcb99e2a-7e96-4589-ad08-4649e0e14431\" data-etype=\"horizontal\"><\/div>\n<\/div>\n<\/div>\n<p><em>\u201eN\u00e1\u0161 n\u00e1vrh o\u00a0Ko\u0161iciach\u00a0<strong>so \u0161tyrmi mestsk\u00fdmi \u010das\u0165ami, ktor\u00e9 kop\u00edruj\u00fa okresy<\/strong>,\u00a0plat\u00ed. Ak v\u0161ak mesto, poslanci a starostovia po v\u00e4\u010d\u0161inovej zhode a po podkladoch z anal\u00fdzy pripravia rie\u0161enie, s ktor\u00fdm bud\u00fa Ko\u0161i\u010dania s\u00fahlasi\u0165, toto rie\u0161enie bude od roku 2030, respekt\u00edve 2031 aj plati\u0165,\u201c<\/em>\u00a0zd\u00f4raznil poslanec.<\/p>\n<h3><strong>Chc\u00fa, aby sa to viac neodkladalo<\/strong><\/h3>\n<p>N\u00e1vrh z\u00e1rove\u0148 stanovuje, \u017ee ak referendum nebude \u00faspe\u0161n\u00e9 alebo obyvatelia n\u00e1vrh mesta nepodporia, od roku 2030, respekt\u00edve 2031 by sa po\u010det mestsk\u00fdch \u010dast\u00ed automaticky zn\u00ed\u017eil na \u0161tyri. Cie\u013eom je pod\u013ea predkladate\u013eov zabezpe\u010di\u0165, aby sa rie\u0161enie t\u00e9my u\u017e \u010falej neodkladalo.<\/p>\n<div class=\"code-block code-block-3\"><\/div>\n<p>Pozme\u0148uj\u00faci n\u00e1vrh hovor\u00ed aj o tom, \u017ee ka\u017ed\u00e1 M\u010c by mala svojho poslanca v mestskom zastupite\u013estve a zachovan\u00e9 by mali zosta\u0165 aj historick\u00e9 n\u00e1zvy a\u00a0identita \u010di symboly jednotliv\u00fdch, po novom u\u017e miestnych \u010dast\u00ed. S\u00fa\u010das\u0165ou n\u00e1vrhu s\u00fa aj opatrenia na zn\u00ed\u017eenie odmien poslancov o\u00a0tretinu, zn\u00ed\u017eenie ich po\u010dtu o\u00a0cca 40 percent v\u00a0mestsk\u00fdch \u010dastiach a\u00a0<em>\u201eefekt\u00edvnej\u0161ie riadenie zmien, ktor\u00e9 m\u00e1 zabezpe\u010di\u0165 mana\u017e\u00e9rsky koordinovan\u00fd proces transform\u00e1cie z\u00a0\u00farovne n\u00e1mestn\u00edka prim\u00e1tora\u201c<\/em>.<\/p>\n<p>N\u00e1vrh vytvori\u0165 post tretieho viceprim\u00e1tora Ko\u0161\u00edc v novele ost\u00e1va, takisto v nej ost\u00e1va aj<strong>\u00a0zv\u00fd\u0161enie po\u010dtu poslancov zo 41 na 51<\/strong>. Pozme\u0148uj\u00faci n\u00e1vrh hovor\u00ed aj o tom, \u017ee od nasleduj\u00facich volieb po roku 2026 by sa Mestsk\u00e1 \u010das\u0165 Ko\u0161ice \u2013 Star\u00e9 Mesto ozna\u010dovala ako\u00a0<strong>Mestsk\u00e1 \u010das\u0165 Ko\u0161ice 1, Mestsk\u00e1 \u010das\u0165 Ko\u0161ice \u2013 Z\u00e1pad ako Mestsk\u00e1 \u010das\u0165 Ko\u0161ice 2, Mestsk\u00e1 \u010das\u0165 Ko\u0161ice \u2013 Dargovsk\u00fdch hrdinov ako Mestsk\u00e1 \u010das\u0165 Ko\u0161ice 3 a Mestsk\u00e1 \u010das\u0165 Ko\u0161ice \u2013 Juh ako Mestsk\u00e1 \u010das\u0165 Ko\u0161ice 4<\/strong>.<\/p>\n<p>Poslanci pri predlo\u017een\u00ed n\u00e1vrhu hovorili o tom, \u017ee 22 mestsk\u00fdch \u010dast\u00ed je neblah\u00fdm unik\u00e1tom v pomere k po\u010dtu obyvate\u013eov. Pod\u013ea \u0160imka sa zn\u00ed\u017een\u00edm po\u010dtu zefekt\u00edvni fungovanie samospr\u00e1vy a u\u0161etria sa mili\u00f3ny eur v prospech obyvate\u013eov mesta.<\/p>\n<div class=\"code-block code-block-5\">\n<div id=\"ad_aft_last_but_one_p\">\n<div><\/div>\n<\/div>\n<\/div>\n<p>N\u00e1vrh e\u0161te mus\u00ed definit\u00edvne schv\u00e1li\u0165 parlament.<\/p>\n<\/div>\n\n\n\n\n\t\t\t<\/div> \n\t\t<\/div>\n\t<\/div> \n<\/div><\/div>\n\t\t<div id=\"fws_69f40fa2c96da\"  data-column-margin=\"default\" data-midnight=\"dark\"  class=\"wpb_row vc_row-fluid vc_row\"  style=\"padding-top: 40px; padding-bottom: 0px; \"><div class=\"row-bg-wrap\" data-bg-animation=\"none\" data-bg-animation-delay=\"\" data-bg-overlay=\"false\"><div class=\"inner-wrap row-bg-layer\" ><div class=\"row-bg viewport-desktop\"  style=\"\"><\/div><\/div><\/div><div class=\"row_col_wrap_12 col span_12 dark left\">\n\t<div  class=\"vc_col-sm-12 wpb_column column_container vc_column_container col no-extra-padding force-desktop-text-align-center inherit_tablet inherit_phone\"  data-padding-pos=\"all\" data-has-bg-color=\"false\" data-bg-color=\"\" data-bg-opacity=\"1\" data-animation=\"\" data-delay=\"0\" >\n\t\t<div class=\"vc_column-inner\" >\n\t\t\t<div class=\"wpb_wrapper\">\n\t\t\t\t\n\t\t\t<\/div> \n\t\t<\/div>\n\t<\/div> \n<\/div><\/div>\n\t\t<div id=\"fws_69f40fa2c9919\"  data-column-margin=\"default\" data-midnight=\"dark\"  class=\"wpb_row vc_row-fluid vc_row\"  style=\"padding-top: 0px; padding-bottom: 0px; \"><div class=\"row-bg-wrap\" data-bg-animation=\"none\" data-bg-animation-delay=\"\" data-bg-overlay=\"false\"><div class=\"inner-wrap row-bg-layer\" ><div class=\"row-bg viewport-desktop\"  style=\"\"><\/div><\/div><\/div><div class=\"row_col_wrap_12 col span_12 dark left\">\n\t<div  class=\"vc_col-sm-12 wpb_column column_container vc_column_container col no-extra-padding inherit_tablet inherit_phone flex_gap_desktop_10px\"  data-padding-pos=\"all\" data-has-bg-color=\"false\" data-bg-color=\"\" data-bg-opacity=\"1\" data-animation=\"\" data-delay=\"0\" >\n\t\t<div class=\"vc_column-inner\" >\n\t\t\t<div class=\"wpb_wrapper\">\n\t\t\t\t\n<div class=\"wpb_text_column wpb_content_element\" >\n\t<p><span style=\"color: #850001;\"><strong>Pozrite si cel\u00fd \u010dl\u00e1nok ni\u017e\u0161ie \u2193<\/strong><\/span><\/p>\n<p><em>Zdroj: <a href=\"https:\/\/www.interez.sk\/kosice-cakaju-velke-zmeny-o-pocte-mestskych-casti-rozhodne-referendum-existuje-vsak-aj-plan-b\/\"><b>interez.sk &#8211; https:\/\/www.interez.sk\/kosice-cakaju-velke-zmeny-o-pocte-mestskych-casti-rozhodne-referendum-existuje-vsak-aj-plan-b\/<\/b><\/a><\/em><\/p>\n<div class=\"detail_author_wrap\">\n<div class=\"detail_author\">\n<div class=\"detail_author_item\"><\/div>\n<\/div>\n<\/div>\n<div class=\"detail_author_wrap\">\n<div class=\"detail_author\">\n<div class=\"detail_author_item\"><\/div>\n<\/div>\n<\/div>\n<\/div>\n\n\n\n\n\t\t\t<\/div> \n\t\t<\/div>\n\t<\/div> \n<\/div><\/div>\n\t\t<div id=\"fws_69f40fa2c9c7a\"  data-column-margin=\"default\" data-midnight=\"dark\"  class=\"wpb_row vc_row-fluid vc_row\"  style=\"padding-top: 0px; padding-bottom: 0px; \"><div class=\"row-bg-wrap\" data-bg-animation=\"none\" data-bg-animation-delay=\"\" data-bg-overlay=\"false\"><div class=\"inner-wrap row-bg-layer\" ><div class=\"row-bg viewport-desktop\"  style=\"\"><\/div><\/div><\/div><div class=\"row_col_wrap_12 col span_12 dark left\">\n\t<div  class=\"vc_col-sm-12 wpb_column column_container vc_column_container col no-extra-padding inherit_tablet inherit_phone flex_gap_desktop_10px\"  data-padding-pos=\"all\" data-has-bg-color=\"false\" data-bg-color=\"\" data-bg-opacity=\"1\" data-animation=\"\" data-delay=\"0\" >\n\t\t<div class=\"vc_column-inner\" >\n\t\t\t<div class=\"wpb_wrapper\">\n\t\t\t\t\n\t\t\t<\/div> \n\t\t<\/div>\n\t<\/div> \n<\/div><\/div>","protected":false},"excerpt":{"rendered":"Ko\u0161ice \u010dakaj\u00fa ve\u013ek\u00e9 zmeny. O po\u010dte mestsk\u00fdch \u010dast\u00ed rozhodne referendum, existuje v\u0161ak aj pl\u00e1n B Referendum by sa mohlo kona\u0165 v de\u0148 parlamentn\u00fdch volieb v...","protected":false},"author":1,"featured_media":7847,"comment_status":"open","ping_status":"open","sticky":false,"template":"","format":"standard","meta":{"footnotes":""},"categories":[103],"tags":[69,71],"class_list":{"0":"post-7846","1":"post","2":"type-post","3":"status-publish","4":"format-standard","5":"has-post-thumbnail","7":"category-kosice-sk","8":"tag-politika","9":"tag-vychod"},"yoast_head":"<!-- This site is optimized with the Yoast SEO plugin v26.8 - https:\/\/yoast.com\/product\/yoast-seo-wordpress\/ -->\n<title>Igor \u0160imko - Ko\u0161ice \u010dakaj\u00fa ve\u013ek\u00e9 zmeny<\/title>\n<meta name=\"description\" content=\"O zmen\u00e1ch v \u00fazemnom \u010dlenen\u00ed mesta Ko\u0161ice by mohli rozhodn\u00fa\u0165 obyvatelia v referende. Referendum by sa mohlo kona\u0165 v de\u0148 parlamentn\u00fdch volieb v roku 2027.\" \/>\n<meta name=\"robots\" content=\"index, follow, max-snippet:-1, max-image-preview:large, max-video-preview:-1\" \/>\n<link rel=\"canonical\" href=\"\/hu\/https:\/\/igorsimko.sk\/hu\/kosice-cakaju-velke-zmeny\/\/\" \/>\n<meta property=\"og:locale\" content=\"sk_SK\" \/>\n<meta property=\"og:type\" content=\"article\" \/>\n<meta property=\"og:title\" content=\"Igor \u0160imko - Ko\u0161ice \u010dakaj\u00fa ve\u013ek\u00e9 zmeny\" \/>\n<meta property=\"og:description\" content=\"Hlas-SD reprezentovali Michal Bartek (poslanec NR SR) a Igor \u0160imko (poslanec NR SR) a za PS pri\u0161li Zuzana Mesterov\u00e1 (predsedn\u00ed\u010dka poslaneck\u00e9ho klubu) a Peter B\u00e1tor (zahrani\u010dn\u00fd expert).\" \/>\n<meta property=\"og:url\" content=\"\/hu\/https:\/\/igorsimko.sk\/hu\/kosice-cakaju-velke-zmeny\/\/\" \/>\n<meta property=\"og:site_name\" content=\"www.igorsimko.sk\" \/>\n<meta property=\"article:published_time\" content=\"2026-04-22T11:15:57+00:00\" \/>\n<meta property=\"article:modified_time\" content=\"2026-04-29T08:00:27+00:00\" \/>\n<meta property=\"og:image\" content=\"http:\/\/igorsimko.sk\/wp-content\/uploads\/2026\/01\/DSC05071-1-scaled.jpg\" \/>\n\t<meta property=\"og:image:width\" content=\"2560\" \/>\n\t<meta property=\"og:image:height\" content=\"1706\" \/>\n\t<meta property=\"og:image:type\" content=\"image\/jpeg\" \/>\n<meta name=\"author\" content=\"Igor \u0160imko\" \/>\n<meta name=\"twitter:card\" content=\"summary_large_image\" \/>\n<meta name=\"twitter:label1\" content=\"Autor\" \/>\n\t<meta name=\"twitter:data1\" content=\"Igor \u0160imko\" \/>\n\t<meta name=\"twitter:label2\" content=\"Predpokladan\u00fd \u010das \u010d\u00edtania\" \/>\n\t<meta name=\"twitter:data2\" content=\"4 min\u00faty\" \/>\n<script type=\"application\/ld+json\" class=\"yoast-schema-graph\">{\"@context\":\"https:\/\/schema.org\",\"@graph\":[{\"@type\":\"Article\",\"@id\":\"https:\/\/igorsimko.sk\/hu\/kosice-cakaju-velke-zmeny\/#article\",\"isPartOf\":{\"@id\":\"https:\/\/igorsimko.sk\/hu\/kosice-cakaju-velke-zmeny\/\"},\"author\":{\"name\":\"Igor \u0160imko\",\"@id\":\"https:\/\/igorsimko.sk\/#\/schema\/person\/356ef4c752e749ac28f30b31a94ae95d\"},\"headline\":\"Ko\u0161ice \u010dakaj\u00fa ve\u013ek\u00e9 zmeny\",\"datePublished\":\"2026-04-22T11:15:57+00:00\",\"dateModified\":\"2026-04-29T08:00:27+00:00\",\"mainEntityOfPage\":{\"@id\":\"https:\/\/igorsimko.sk\/hu\/kosice-cakaju-velke-zmeny\/\"},\"wordCount\":1502,\"commentCount\":0,\"publisher\":{\"@id\":\"https:\/\/igorsimko.sk\/#\/schema\/person\/356ef4c752e749ac28f30b31a94ae95d\"},\"image\":{\"@id\":\"https:\/\/igorsimko.sk\/hu\/kosice-cakaju-velke-zmeny\/#primaryimage\"},\"thumbnailUrl\":\"https:\/\/igorsimko.sk\/wp-content\/uploads\/2026\/04\/mesto-kosice-770x404-1.jpg\",\"keywords\":[\"Politika\",\"V\u00fdchod\"],\"articleSection\":[\"Ko\u0161ice\"],\"inLanguage\":\"sk-SK\",\"potentialAction\":[{\"@type\":\"CommentAction\",\"name\":\"Comment\",\"target\":[\"https:\/\/igorsimko.sk\/hu\/kosice-cakaju-velke-zmeny\/#respond\"]}]},{\"@type\":\"WebPage\",\"@id\":\"https:\/\/igorsimko.sk\/hu\/kosice-cakaju-velke-zmeny\/\",\"url\":\"https:\/\/igorsimko.sk\/hu\/kosice-cakaju-velke-zmeny\/\",\"name\":\"Igor \u0160imko - Ko\u0161ice \u010dakaj\u00fa ve\u013ek\u00e9 zmeny\",\"isPartOf\":{\"@id\":\"https:\/\/igorsimko.sk\/#website\"},\"primaryImageOfPage\":{\"@id\":\"https:\/\/igorsimko.sk\/hu\/kosice-cakaju-velke-zmeny\/#primaryimage\"},\"image\":{\"@id\":\"https:\/\/igorsimko.sk\/hu\/kosice-cakaju-velke-zmeny\/#primaryimage\"},\"thumbnailUrl\":\"https:\/\/igorsimko.sk\/wp-content\/uploads\/2026\/04\/mesto-kosice-770x404-1.jpg\",\"datePublished\":\"2026-04-22T11:15:57+00:00\",\"dateModified\":\"2026-04-29T08:00:27+00:00\",\"description\":\"O zmen\u00e1ch v \u00fazemnom \u010dlenen\u00ed mesta Ko\u0161ice by mohli rozhodn\u00fa\u0165 obyvatelia v referende. Referendum by sa mohlo kona\u0165 v de\u0148 parlamentn\u00fdch volieb v roku 2027.\",\"breadcrumb\":{\"@id\":\"https:\/\/igorsimko.sk\/hu\/kosice-cakaju-velke-zmeny\/#breadcrumb\"},\"inLanguage\":\"sk-SK\",\"potentialAction\":[{\"@type\":\"ReadAction\",\"target\":[\"https:\/\/igorsimko.sk\/hu\/kosice-cakaju-velke-zmeny\/\"]}]},{\"@type\":\"ImageObject\",\"inLanguage\":\"sk-SK\",\"@id\":\"https:\/\/igorsimko.sk\/hu\/kosice-cakaju-velke-zmeny\/#primaryimage\",\"url\":\"https:\/\/igorsimko.sk\/wp-content\/uploads\/2026\/04\/mesto-kosice-770x404-1.jpg\",\"contentUrl\":\"https:\/\/igorsimko.sk\/wp-content\/uploads\/2026\/04\/mesto-kosice-770x404-1.jpg\",\"width\":770,\"height\":404,\"caption\":\"Ko\u0161ice \u010dakaj\u00fa ve\u013ek\u00e9 zmeny\"},{\"@type\":\"BreadcrumbList\",\"@id\":\"https:\/\/igorsimko.sk\/hu\/kosice-cakaju-velke-zmeny\/#breadcrumb\",\"itemListElement\":[{\"@type\":\"ListItem\",\"position\":1,\"name\":\"Domovsk\u00e1 str\u00e1nka\",\"item\":\"https:\/\/igorsimko.sk\/\"},{\"@type\":\"ListItem\",\"position\":2,\"name\":\"Ko\u0161ice \u010dakaj\u00fa ve\u013ek\u00e9 zmeny\"}]},{\"@type\":\"WebSite\",\"@id\":\"https:\/\/igorsimko.sk\/#website\",\"url\":\"https:\/\/igorsimko.sk\/\",\"name\":\"www.igorsimko.sk\",\"description\":\"\",\"publisher\":{\"@id\":\"https:\/\/igorsimko.sk\/#\/schema\/person\/356ef4c752e749ac28f30b31a94ae95d\"},\"potentialAction\":[{\"@type\":\"SearchAction\",\"target\":{\"@type\":\"EntryPoint\",\"urlTemplate\":\"https:\/\/igorsimko.sk\/?s={search_term_string}\"},\"query-input\":{\"@type\":\"PropertyValueSpecification\",\"valueRequired\":true,\"valueName\":\"search_term_string\"}}],\"inLanguage\":\"sk-SK\"},{\"@type\":[\"Person\",\"Organization\"],\"@id\":\"https:\/\/igorsimko.sk\/#\/schema\/person\/356ef4c752e749ac28f30b31a94ae95d\",\"name\":\"Igor \u0160imko\",\"image\":{\"@type\":\"ImageObject\",\"inLanguage\":\"sk-SK\",\"@id\":\"https:\/\/igorsimko.sk\/#\/schema\/person\/image\/\",\"url\":\"http:\/\/igorsimko.sk\/wp-content\/uploads\/2026\/01\/logo-s-ramom-scaled.png\",\"contentUrl\":\"http:\/\/igorsimko.sk\/wp-content\/uploads\/2026\/01\/logo-s-ramom-scaled.png\",\"width\":2560,\"height\":2560,\"caption\":\"Igor \u0160imko\"},\"logo\":{\"@id\":\"https:\/\/igorsimko.sk\/#\/schema\/person\/image\/\"},\"sameAs\":[\"http:\/\/igorsimko.sk\"],\"url\":\"https:\/\/igorsimko.sk\/hu\/author\/privia\/\"}]}<\/script>\n<!-- \/ Yoast SEO plugin. -->","yoast_head_json":{"title":"Igor \u0160imko - Ko\u0161ice \u010dakaj\u00fa ve\u013ek\u00e9 zmeny","description":"O zmen\u00e1ch v \u00fazemnom \u010dlenen\u00ed mesta Ko\u0161ice by mohli rozhodn\u00fa\u0165 obyvatelia v referende. Referendum by sa mohlo kona\u0165 v de\u0148 parlamentn\u00fdch volieb v roku 2027.","robots":{"index":"index","follow":"follow","max-snippet":"max-snippet:-1","max-image-preview":"max-image-preview:large","max-video-preview":"max-video-preview:-1"},"canonical":"\/hu\/https:\/\/igorsimko.sk\/hu\/kosice-cakaju-velke-zmeny\/\/","og_locale":"sk_SK","og_type":"article","og_title":"Igor \u0160imko - Ko\u0161ice \u010dakaj\u00fa ve\u013ek\u00e9 zmeny","og_description":"Hlas-SD reprezentovali Michal Bartek (poslanec NR SR) a Igor \u0160imko (poslanec NR SR) a za PS pri\u0161li Zuzana Mesterov\u00e1 (predsedn\u00ed\u010dka poslaneck\u00e9ho klubu) a Peter B\u00e1tor (zahrani\u010dn\u00fd expert).","og_url":"\/hu\/https:\/\/igorsimko.sk\/hu\/kosice-cakaju-velke-zmeny\/\/","og_site_name":"www.igorsimko.sk","article_published_time":"2026-04-22T11:15:57+00:00","article_modified_time":"2026-04-29T08:00:27+00:00","og_image":[{"width":2560,"height":1706,"url":"http:\/\/igorsimko.sk\/wp-content\/uploads\/2026\/01\/DSC05071-1-scaled.jpg","type":"image\/jpeg"}],"author":"Igor \u0160imko","twitter_card":"summary_large_image","twitter_misc":{"Autor":"Igor \u0160imko","Predpokladan\u00fd \u010das \u010d\u00edtania":"4 min\u00faty"},"schema":{"@context":"https:\/\/schema.org","@graph":[{"@type":"Article","@id":"https:\/\/igorsimko.sk\/hu\/kosice-cakaju-velke-zmeny\/#article","isPartOf":{"@id":"https:\/\/igorsimko.sk\/hu\/kosice-cakaju-velke-zmeny\/"},"author":{"name":"Igor \u0160imko","@id":"https:\/\/igorsimko.sk\/#\/schema\/person\/356ef4c752e749ac28f30b31a94ae95d"},"headline":"Ko\u0161ice \u010dakaj\u00fa ve\u013ek\u00e9 zmeny","datePublished":"2026-04-22T11:15:57+00:00","dateModified":"2026-04-29T08:00:27+00:00","mainEntityOfPage":{"@id":"https:\/\/igorsimko.sk\/hu\/kosice-cakaju-velke-zmeny\/"},"wordCount":1502,"commentCount":0,"publisher":{"@id":"https:\/\/igorsimko.sk\/#\/schema\/person\/356ef4c752e749ac28f30b31a94ae95d"},"image":{"@id":"https:\/\/igorsimko.sk\/hu\/kosice-cakaju-velke-zmeny\/#primaryimage"},"thumbnailUrl":"https:\/\/igorsimko.sk\/wp-content\/uploads\/2026\/04\/mesto-kosice-770x404-1.jpg","keywords":["Politika","V\u00fdchod"],"articleSection":["Ko\u0161ice"],"inLanguage":"sk-SK","potentialAction":[{"@type":"CommentAction","name":"Comment","target":["https:\/\/igorsimko.sk\/hu\/kosice-cakaju-velke-zmeny\/#respond"]}]},{"@type":"WebPage","@id":"https:\/\/igorsimko.sk\/hu\/kosice-cakaju-velke-zmeny\/","url":"https:\/\/igorsimko.sk\/hu\/kosice-cakaju-velke-zmeny\/","name":"Igor \u0160imko - Ko\u0161ice \u010dakaj\u00fa ve\u013ek\u00e9 zmeny","isPartOf":{"@id":"https:\/\/igorsimko.sk\/#website"},"primaryImageOfPage":{"@id":"https:\/\/igorsimko.sk\/hu\/kosice-cakaju-velke-zmeny\/#primaryimage"},"image":{"@id":"https:\/\/igorsimko.sk\/hu\/kosice-cakaju-velke-zmeny\/#primaryimage"},"thumbnailUrl":"https:\/\/igorsimko.sk\/wp-content\/uploads\/2026\/04\/mesto-kosice-770x404-1.jpg","datePublished":"2026-04-22T11:15:57+00:00","dateModified":"2026-04-29T08:00:27+00:00","description":"O zmen\u00e1ch v \u00fazemnom \u010dlenen\u00ed mesta Ko\u0161ice by mohli rozhodn\u00fa\u0165 obyvatelia v referende. Referendum by sa mohlo kona\u0165 v de\u0148 parlamentn\u00fdch volieb v roku 2027.","breadcrumb":{"@id":"https:\/\/igorsimko.sk\/hu\/kosice-cakaju-velke-zmeny\/#breadcrumb"},"inLanguage":"sk-SK","potentialAction":[{"@type":"ReadAction","target":["https:\/\/igorsimko.sk\/hu\/kosice-cakaju-velke-zmeny\/"]}]},{"@type":"ImageObject","inLanguage":"sk-SK","@id":"https:\/\/igorsimko.sk\/hu\/kosice-cakaju-velke-zmeny\/#primaryimage","url":"https:\/\/igorsimko.sk\/wp-content\/uploads\/2026\/04\/mesto-kosice-770x404-1.jpg","contentUrl":"https:\/\/igorsimko.sk\/wp-content\/uploads\/2026\/04\/mesto-kosice-770x404-1.jpg","width":770,"height":404,"caption":"Ko\u0161ice \u010dakaj\u00fa ve\u013ek\u00e9 zmeny"},{"@type":"BreadcrumbList","@id":"https:\/\/igorsimko.sk\/hu\/kosice-cakaju-velke-zmeny\/#breadcrumb","itemListElement":[{"@type":"ListItem","position":1,"name":"Domovsk\u00e1 str\u00e1nka","item":"https:\/\/igorsimko.sk\/"},{"@type":"ListItem","position":2,"name":"Ko\u0161ice \u010dakaj\u00fa ve\u013ek\u00e9 zmeny"}]},{"@type":"WebSite","@id":"https:\/\/igorsimko.sk\/#website","url":"https:\/\/igorsimko.sk\/","name":"www.igorsimko.sk","description":"","publisher":{"@id":"https:\/\/igorsimko.sk\/#\/schema\/person\/356ef4c752e749ac28f30b31a94ae95d"},"potentialAction":[{"@type":"SearchAction","target":{"@type":"EntryPoint","urlTemplate":"https:\/\/igorsimko.sk\/?s={search_term_string}"},"query-input":{"@type":"PropertyValueSpecification","valueRequired":true,"valueName":"search_term_string"}}],"inLanguage":"sk-SK"},{"@type":["Person","Organization"],"@id":"https:\/\/igorsimko.sk\/#\/schema\/person\/356ef4c752e749ac28f30b31a94ae95d","name":"Igor \u0160imko","image":{"@type":"ImageObject","inLanguage":"sk-SK","@id":"https:\/\/igorsimko.sk\/#\/schema\/person\/image\/","url":"http:\/\/igorsimko.sk\/wp-content\/uploads\/2026\/01\/logo-s-ramom-scaled.png","contentUrl":"http:\/\/igorsimko.sk\/wp-content\/uploads\/2026\/01\/logo-s-ramom-scaled.png","width":2560,"height":2560,"caption":"Igor \u0160imko"},"logo":{"@id":"https:\/\/igorsimko.sk\/#\/schema\/person\/image\/"},"sameAs":["http:\/\/igorsimko.sk"],"url":"https:\/\/igorsimko.sk\/hu\/author\/privia\/"}]}},"_links":{"self":[{"href":"https:\/\/igorsimko.sk\/hu\/wp-json\/wp\/v2\/posts\/7846","targetHints":{"allow":["GET"]}}],"collection":[{"href":"https:\/\/igorsimko.sk\/hu\/wp-json\/wp\/v2\/posts"}],"about":[{"href":"https:\/\/igorsimko.sk\/hu\/wp-json\/wp\/v2\/types\/post"}],"author":[{"embeddable":true,"href":"https:\/\/igorsimko.sk\/hu\/wp-json\/wp\/v2\/users\/1"}],"replies":[{"embeddable":true,"href":"https:\/\/igorsimko.sk\/hu\/wp-json\/wp\/v2\/comments?post=7846"}],"version-history":[{"count":3,"href":"https:\/\/igorsimko.sk\/hu\/wp-json\/wp\/v2\/posts\/7846\/revisions"}],"predecessor-version":[{"id":7875,"href":"https:\/\/igorsimko.sk\/hu\/wp-json\/wp\/v2\/posts\/7846\/revisions\/7875"}],"wp:featuredmedia":[{"embeddable":true,"href":"https:\/\/igorsimko.sk\/hu\/wp-json\/wp\/v2\/media\/7847"}],"wp:attachment":[{"href":"https:\/\/igorsimko.sk\/hu\/wp-json\/wp\/v2\/media?parent=7846"}],"wp:term":[{"taxonomy":"category","embeddable":true,"href":"https:\/\/igorsimko.sk\/hu\/wp-json\/wp\/v2\/categories?post=7846"},{"taxonomy":"post_tag","embeddable":true,"href":"https:\/\/igorsimko.sk\/hu\/wp-json\/wp\/v2\/tags?post=7846"}],"curies":[{"name":"wp","href":"https:\/\/api.w.org\/{rel}","templated":true}]}}