{"id":7851,"date":"2026-04-20T13:25:27","date_gmt":"2026-04-20T11:25:27","guid":{"rendered":"https:\/\/igorsimko.sk\/?p=7851"},"modified":"2026-04-29T10:01:48","modified_gmt":"2026-04-29T08:01:48","slug":"stav-mostov-v-kosickom-kraji-je-alarmujuci","status":"publish","type":"post","link":"https:\/\/igorsimko.sk\/hu\/stav-mostov-v-kosickom-kraji-je-alarmujuci\/","title":{"rendered":"Stav mostov v Ko\u0161ickom kraji je alarmuj\u00faci"},"content":{"rendered":"<div id=\"fws_69f40e226a59e\"  data-column-margin=\"default\" data-midnight=\"dark\"  class=\"wpb_row vc_row-fluid vc_row\"  style=\"padding-top: 40px; padding-bottom: 0px; \"><div class=\"row-bg-wrap\" data-bg-animation=\"none\" data-bg-animation-delay=\"\" data-bg-overlay=\"false\"><div class=\"inner-wrap row-bg-layer\" ><div class=\"row-bg viewport-desktop\"  style=\"\"><\/div><\/div><\/div><div class=\"row_col_wrap_12 col span_12 dark left\">\n\t<div  class=\"vc_col-sm-12 wpb_column column_container vc_column_container col no-extra-padding inherit_tablet inherit_phone flex_gap_desktop_10px\"  data-padding-pos=\"all\" data-has-bg-color=\"false\" data-bg-color=\"\" data-bg-opacity=\"1\" data-animation=\"\" data-delay=\"0\" >\n\t\t<div class=\"vc_column-inner\" >\n\t\t\t<div class=\"wpb_wrapper\">\n\t\t\t\t\n<div class=\"wpb_text_column wpb_content_element\" >\n\t<h2>Stav mostov v Ko\u0161ickom kraji je alarmuj\u00faci, \u0160imko ozna\u010dil zistenia NK\u00da za zar\u00e1\u017eaj\u00face a na\u010drtol rie\u0161enie<\/h2>\n<p>&nbsp;<\/p>\n<p><a href=\"https:\/\/www.finreport.sk\/agenturne-spravy\/stav-mostov-v-kosickom-kraji-je-alarmujuci-simko-oznacil-zistenia-nku-za-zarazajuce-a-nacrtol-riesenie-001\/\">20.4.2026 (SITA.sk)<\/a> &#8211; Mosty v spr\u00e1ve Ko\u0161ick\u00e9ho samospr\u00e1vneho kraja s\u00fa takmer v najhor\u0161om stave na Slovensku. Vypl\u00fdva to z v\u00fdsledkov kontroly\u00a0<a href=\"https:\/\/sita.sk\/firmy-institucie\/nku\/\" target=\"_blank\" rel=\"noopener\">Najvy\u0161\u0161ieho kontroln\u00e9ho \u00faradu (NK\u00da)<\/a>, ktor\u00e1 bola predmetom zasadnutia V\u00fdboru N\u00e1rodnej rady Slovenskej republiky (NRSR) pre hospod\u00e1rske z\u00e1le\u017eitosti 9. apr\u00edla 2026.<\/p>\n<h3><strong>NK\u00da zast\u00fapen\u00fd predsedom\u00a0<a href=\"https:\/\/sita.sk\/osobnosti\/lubomir-andrassy\/\" target=\"_blank\" rel=\"noopener\">\u013dubom\u00edrom Andr\u00e1ssym<\/a>\u00a0na v\u00fdbore\u00a0 hospod\u00e1rske z\u00e1le\u017eitosti prezentoval v\u00fdsledky kontroly \u201eOpravy a \u00fadr\u017eby ciest<\/strong><\/h3>\n<p class=\"sita_clanok\">v spr\u00e1ve V\u00daC\u201c. T\u00e1 nadv\u00e4zuje na obdobn\u00fa spr\u00e1vu NK\u00da z roku 2021 a teda mapuje stav cestnej infra\u0161trukt\u00fary od roku 2017.<br \/>\nZ v\u00fdsledku kontroly NK\u00da okrem in\u00e9ho vypl\u00fdva, \u017ee za posledn\u00fdch 9 rokov, ktor\u00e9 s\u00fa z\u00e1rove\u0148 obdob\u00edm \u017eupana\u00a0<a href=\"https:\/\/sita.sk\/osobnosti\/rastislav-trnka\/\" target=\"_blank\" rel=\"noopener\">Rastislava Trnku<\/a>, sa stav mostov v Ko\u0161ickom kraji zhor\u0161il o viac ako 500 percent. Zatia\u013e \u010do v roku 2017 bolo v zlom stave 68 mostov na \u00fazem\u00ed Ko\u0161ick\u00e9ho kraja, v roku 2024 ich bolo a\u017e 383, dnes to m\u00f4\u017ee by\u0165 e\u0161te viac.<br \/>\nVypl\u00fdva z toho, \u017ee\u00a0<a href=\"https:\/\/sita.sk\/firmy-institucie\/ksk-kosicky-samospravny-kraj\/\" target=\"_blank\" rel=\"noopener\">Ko\u0161ick\u00fd samospr\u00e1vny kraj<\/a>\u00a0m\u00e1 jeden z najhor\u0161\u00edch stavov mostov na Slovensku a situ\u00e1cia sa na\u010falej zhor\u0161uje. Len mierne hor\u0161ie je na tom Trnavsk\u00fd kraj, kde je v zlom stave je 383 zo 654 v\u0161etk\u00fdch mostov v Ko\u0161ickom kraji.<\/p>\n<h3><strong>Nehospod\u00e1rne m\u00ed\u0148anie pe\u0148az\u00ed<\/strong><\/h3>\n<p class=\"sita_clanok\">Prednesen\u00e9 fakty NK\u00da zhodnotil ako zar\u00e1\u017eaj\u00face pr\u00edtomn\u00fd poslanec a \u010dlen v\u00fdboru\u00a0<a href=\"https:\/\/sita.sk\/osobnosti\/igor-simko\/\" target=\"_blank\" rel=\"noopener\">Igor \u0160imko<\/a>\u00a0(<a href=\"https:\/\/sita.sk\/firmy-institucie\/hlas-sd\/\" target=\"_blank\" rel=\"noopener\">Hlas-SD<\/a>), ktor\u00fd je z Ko\u0161ick\u00e9ho kraja. Upozornil, \u017ee mosty s\u00fa na v\u00fdchode Slovenska \u010dasto jedin\u00fdm dopravn\u00fdm spojen\u00edm medzi obcami, regi\u00f3nmi mimo Ko\u0161\u00edc a ich nedostupnos\u0165 m\u00f4\u017ee sp\u00f4sobi\u0165 \u013eu\u010fom ve\u013ek\u00e9 probl\u00e9my, ako tomu bolo napr\u00edklad pri rekon\u0161trukcii mosta S\u00edrnik, kedy bola obch\u00e1dzka pre ka\u017edodenn\u00fd \u017eivot viac ako 40 km. U\u017e nehovoriac o ohrozen\u00ed bezpe\u010dnosti a zdravia obyvate\u013eov, ktor\u00ed denne doch\u00e1dzaj\u00fa do pr\u00e1ce, k lek\u00e1rovi, \u010di det\u00ed do \u0161k\u00f4l.<br \/>\nNa dopravn\u00fa infra\u0161trukt\u00faru v Ko\u0161ickom kraji sa m\u00ed\u0148a obrovsk\u00e9 mno\u017estvo pe\u0148az\u00ed nehospod\u00e1rne. Stav mostov je v\u0161ak st\u00e1le hor\u0161\u00ed. Kraj neust\u00e1le argumentuje, \u017ee na opravy nem\u00e1 dos\u0165 pe\u0148az\u00ed a pred vo\u013ebami chyst\u00e1 \u010fal\u0161ie ve\u013ek\u00e9 zadl\u017eovanie, najdrah\u0161ie na v\u00fdchode. \u010cerpanie eurofondov v kraji je v\u0161ak aj pod\u013ea spr\u00e1vy NK\u00da \u017ealostn\u00e9, peniaze sa vyhadzuj\u00fa na reklamu a marketing a na kilometer cesty d\u00e1va KSK z be\u017en\u00fdch v\u00fddavkov najviac zo v\u0161etk\u00fdch krajov na Slovensku. Ak sa teda nie\u010do rob\u00ed, rob\u00ed sa to ve\u013emi neefekt\u00edvne a re\u00e1lne v\u00fdsledky sa nedostavuj\u00fa.<\/p>\n<p><strong>\u2014 Igor \u0160imko, poslanec za stranu Hlas-SD<\/strong><\/p>\n<h3><strong>Trestn\u00fd \u010din v\u0161eobecn\u00e9ho ohrozenia<\/strong><\/h3>\n<p class=\"sita_clanok\">\u0160imko v\u0161ak neostal len pri kritike a na v\u00fdbore predniesol z\u00e1rove\u0148 n\u00e1vrh na syst\u00e9mov\u00e9 rie\u0161enie opr\u00e1v dopravnej infra\u0161trukt\u00fary v krajoch \u2013 koncep\u010dn\u00fd monitoring v\u0161etk\u00fdch mostov, a realiz\u00e1ciu opr\u00e1v formou PPP projektov, viaczdrojov\u00e9ho financovania bude nevyhnutn\u00e9 najbli\u017e\u0161ie roky.<br \/>\nPredseda NK\u00da Andr\u00e1ssy zhodnotil rie\u0161enie cez PPP projekty ako pr\u00ednosn\u00e9 s t\u00fdm, \u017ee samozrejme bude potrebn\u00e9 projekty posudzova\u0165 pr\u00edpad od pr\u00edpadu a na z\u00e1klade anal\u00fdz.<\/p>\n<blockquote><p>\n<strong>\u201eAlarmuj\u00face \u010d\u00edsla z kontroly NK\u00da s\u00fa bu\u010f d\u00f4kazom dlhodobej obrovskej neschopnosti aktu\u00e1lneho vedenia Ko\u0161ick\u00e9ho kraja alebo in\u00e9ho \u00fa\u010delu. Po deviatich rokoch \u017eupanovania Rastislava Trnku ide o syst\u00e9mov\u00e9 zlyhanie a jeho rezign\u00e1ciu na zlep\u0161ovanie \u017eivota \u013eud\u00ed vo v\u0161etk\u00fdch okresoch Ko\u0161ick\u00e9ho kraja. Pri zn\u00e1mych kauz\u00e1ch na \u00farade KSK po\u010d\u00edtajme aj s mo\u017enos\u0165ou, \u017ee sa niekto m\u00f4\u017ee sna\u017ei\u0165 dosta\u0165 mosty do havarijn\u00e9ho stavu. Vtedy toti\u017e na san\u00e1ciu nie je potrebn\u00fd v\u00fdber dod\u00e1vate\u013ea, ale priame zadanie, \u010do m\u00f4\u017ee by\u0165 absol\u00fatnym zlyhan\u00edm vo\u010di obyvate\u013eom ale aj hospod\u00e1rnosti s peniazmi \u013eud\u00ed. Obyvatelia si zasl\u00fa\u017eia bezpe\u010dn\u00e9 mosty namiesto podozren\u00ed zo zlodej\u00edn,\u201c<\/strong><\/p>\n<p>zhodnotil \u0160imko.\n<\/p><\/blockquote>\n<p class=\"sita_clanok\">Upozornil pritom na to, \u017ee vedom\u00e9 nesmerovanie financi\u00ed do infra\u0161trukt\u00fary, ktor\u00fa denne vyu\u017e\u00edvaj\u00fa st\u00e1tis\u00edce \u013eud\u00ed, m\u00f4\u017ee naplni\u0165 podmienky trestn\u00e9ho \u010dinu v\u0161eobecn\u00e9ho ohrozenia. Dodal, \u017ee od aktu\u00e1lneho vedenia neo\u010dak\u00e1va schopnos\u0165 zapoji\u0165 sa do budovania nov\u00fdch \u00fasekov \u010di strategick\u00fdch projektov typu Dia\u013enica na Zempl\u00edn, ak dlhodobo nedok\u00e1\u017ee rie\u0161i\u0165 san\u00e1ciu existuj\u00faceho stavu.<\/p>\n<\/div>\n\n\n\n\n\t\t\t<\/div> \n\t\t<\/div>\n\t<\/div> \n<\/div><\/div>\n\t\t<div id=\"fws_69f40e226adb3\"  data-column-margin=\"default\" data-midnight=\"dark\"  class=\"wpb_row vc_row-fluid vc_row\"  style=\"padding-top: 40px; padding-bottom: 0px; \"><div class=\"row-bg-wrap\" data-bg-animation=\"none\" data-bg-animation-delay=\"\" data-bg-overlay=\"false\"><div class=\"inner-wrap row-bg-layer\" ><div class=\"row-bg viewport-desktop\"  style=\"\"><\/div><\/div><\/div><div class=\"row_col_wrap_12 col span_12 dark left\">\n\t<div  class=\"vc_col-sm-12 wpb_column column_container vc_column_container col no-extra-padding force-desktop-text-align-center inherit_tablet inherit_phone\"  data-padding-pos=\"all\" data-has-bg-color=\"false\" data-bg-color=\"\" data-bg-opacity=\"1\" data-animation=\"\" data-delay=\"0\" >\n\t\t<div class=\"vc_column-inner\" >\n\t\t\t<div class=\"wpb_wrapper\">\n\t\t\t\t\n\t\t\t<\/div> \n\t\t<\/div>\n\t<\/div> \n<\/div><\/div>\n\t\t<div id=\"fws_69f40e226af9b\"  data-column-margin=\"default\" data-midnight=\"dark\"  class=\"wpb_row vc_row-fluid vc_row\"  style=\"padding-top: 0px; padding-bottom: 0px; \"><div class=\"row-bg-wrap\" data-bg-animation=\"none\" data-bg-animation-delay=\"\" data-bg-overlay=\"false\"><div class=\"inner-wrap row-bg-layer\" ><div class=\"row-bg viewport-desktop\"  style=\"\"><\/div><\/div><\/div><div class=\"row_col_wrap_12 col span_12 dark left\">\n\t<div  class=\"vc_col-sm-12 wpb_column column_container vc_column_container col no-extra-padding inherit_tablet inherit_phone flex_gap_desktop_10px\"  data-padding-pos=\"all\" data-has-bg-color=\"false\" data-bg-color=\"\" data-bg-opacity=\"1\" data-animation=\"\" data-delay=\"0\" >\n\t\t<div class=\"vc_column-inner\" >\n\t\t\t<div class=\"wpb_wrapper\">\n\t\t\t\t\n<div class=\"wpb_text_column wpb_content_element\" >\n\t<p><span style=\"color: #850001;\"><strong>Pozrite si cel\u00fd \u010dl\u00e1nok ni\u017e\u0161ie \u2193<\/strong><\/span><\/p>\n<p><em>Zdroj: <a href=\"https:\/\/www.finreport.sk\/agenturne-spravy\/stav-mostov-v-kosickom-kraji-je-alarmujuci-simko-oznacil-zistenia-nku-za-zarazajuce-a-nacrtol-riesenie-001\/\"><strong>finreport.sk<\/strong> &#8211; https:\/\/www.finreport.sk\/agenturne-spravy\/stav-mostov-v-kosickom-kraji-je-alarmujuci-simko-oznacil-zistenia-nku-za-zarazajuce-a-nacrtol-riesenie-001\/<\/a><\/em><\/p>\n<div class=\"detail_author_wrap\">\n<div class=\"detail_author\">\n<div class=\"detail_author_item\"><\/div>\n<\/div>\n<\/div>\n<div class=\"detail_author_wrap\">\n<div class=\"detail_author\">\n<div class=\"detail_author_item\"><\/div>\n<\/div>\n<\/div>\n<\/div>\n\n\n\n\n\t\t\t<\/div> \n\t\t<\/div>\n\t<\/div> \n<\/div><\/div>\n\t\t<div id=\"fws_69f40e226b2d8\"  data-column-margin=\"default\" data-midnight=\"dark\"  class=\"wpb_row vc_row-fluid vc_row\"  style=\"padding-top: 0px; padding-bottom: 0px; \"><div class=\"row-bg-wrap\" data-bg-animation=\"none\" data-bg-animation-delay=\"\" data-bg-overlay=\"false\"><div class=\"inner-wrap row-bg-layer\" ><div class=\"row-bg viewport-desktop\"  style=\"\"><\/div><\/div><\/div><div class=\"row_col_wrap_12 col span_12 dark left\">\n\t<div  class=\"vc_col-sm-12 wpb_column column_container vc_column_container col no-extra-padding inherit_tablet inherit_phone flex_gap_desktop_10px\"  data-padding-pos=\"all\" data-has-bg-color=\"false\" data-bg-color=\"\" data-bg-opacity=\"1\" data-animation=\"\" data-delay=\"0\" >\n\t\t<div class=\"vc_column-inner\" >\n\t\t\t<div class=\"wpb_wrapper\">\n\t\t\t\t\n\t\t\t<\/div> \n\t\t<\/div>\n\t<\/div> \n<\/div><\/div>","protected":false},"excerpt":{"rendered":"Stav mostov v Ko\u0161ickom kraji je alarmuj\u00faci, \u0160imko ozna\u010dil zistenia NK\u00da za zar\u00e1\u017eaj\u00face a na\u010drtol rie\u0161enie &nbsp; 20.4.2026 (SITA.sk) - Mosty v spr\u00e1ve Ko\u0161ick\u00e9ho samospr\u00e1vneho...","protected":false},"author":1,"featured_media":7852,"comment_status":"open","ping_status":"open","sticky":false,"template":"","format":"standard","meta":{"footnotes":""},"categories":[103],"tags":[69,71],"class_list":{"0":"post-7851","1":"post","2":"type-post","3":"status-publish","4":"format-standard","5":"has-post-thumbnail","7":"category-kosice-sk","8":"tag-politika","9":"tag-vychod"},"yoast_head":"<!-- This site is optimized with the Yoast SEO plugin v26.8 - https:\/\/yoast.com\/product\/yoast-seo-wordpress\/ -->\n<title>Igor \u0160imko - Stav mostov v Ko\u0161ickom kraji je alarmuj\u00faci<\/title>\n<meta name=\"description\" content=\"Stav mostov v Ko\u0161ickom kraji je alarmuj\u00faci, \u0160imko ozna\u010dil zistenia NK\u00da za zar\u00e1\u017eaj\u00face a na\u010drtol rie\u0161enie\" \/>\n<meta name=\"robots\" content=\"index, follow, max-snippet:-1, max-image-preview:large, max-video-preview:-1\" \/>\n<link rel=\"canonical\" href=\"\/hu\/https:\/\/igorsimko.sk\/hu\/stav-mostov-v-kosickom-kraji-je-alarmujuci\/\/\" \/>\n<meta property=\"og:locale\" content=\"sk_SK\" \/>\n<meta property=\"og:type\" content=\"article\" \/>\n<meta property=\"og:title\" content=\"Igor \u0160imko - Stav mostov v Ko\u0161ickom kraji je alarmuj\u00faci\" \/>\n<meta property=\"og:description\" content=\"Hlas-SD reprezentovali Michal Bartek (poslanec NR SR) a Igor \u0160imko (poslanec NR SR) a za PS pri\u0161li Zuzana Mesterov\u00e1 (predsedn\u00ed\u010dka poslaneck\u00e9ho klubu) a Peter B\u00e1tor (zahrani\u010dn\u00fd expert).\" \/>\n<meta property=\"og:url\" content=\"\/hu\/https:\/\/igorsimko.sk\/hu\/stav-mostov-v-kosickom-kraji-je-alarmujuci\/\/\" \/>\n<meta property=\"og:site_name\" content=\"www.igorsimko.sk\" \/>\n<meta property=\"article:published_time\" content=\"2026-04-20T11:25:27+00:00\" \/>\n<meta property=\"article:modified_time\" content=\"2026-04-29T08:01:48+00:00\" \/>\n<meta property=\"og:image\" content=\"http:\/\/igorsimko.sk\/wp-content\/uploads\/2026\/01\/DSC05071-1-scaled.jpg\" \/>\n\t<meta property=\"og:image:width\" content=\"2560\" \/>\n\t<meta property=\"og:image:height\" content=\"1706\" \/>\n\t<meta property=\"og:image:type\" content=\"image\/jpeg\" \/>\n<meta name=\"author\" content=\"Igor \u0160imko\" \/>\n<meta name=\"twitter:card\" content=\"summary_large_image\" \/>\n<meta name=\"twitter:label1\" content=\"Autor\" \/>\n\t<meta name=\"twitter:data1\" content=\"Igor \u0160imko\" \/>\n\t<meta name=\"twitter:label2\" content=\"Predpokladan\u00fd \u010das \u010d\u00edtania\" \/>\n\t<meta name=\"twitter:data2\" content=\"3 min\u00faty\" \/>\n<script type=\"application\/ld+json\" class=\"yoast-schema-graph\">{\"@context\":\"https:\/\/schema.org\",\"@graph\":[{\"@type\":\"Article\",\"@id\":\"https:\/\/igorsimko.sk\/hu\/stav-mostov-v-kosickom-kraji-je-alarmujuci\/#article\",\"isPartOf\":{\"@id\":\"https:\/\/igorsimko.sk\/hu\/stav-mostov-v-kosickom-kraji-je-alarmujuci\/\"},\"author\":{\"name\":\"Igor \u0160imko\",\"@id\":\"https:\/\/igorsimko.sk\/#\/schema\/person\/356ef4c752e749ac28f30b31a94ae95d\"},\"headline\":\"Stav mostov v Ko\u0161ickom kraji je alarmuj\u00faci\",\"datePublished\":\"2026-04-20T11:25:27+00:00\",\"dateModified\":\"2026-04-29T08:01:48+00:00\",\"mainEntityOfPage\":{\"@id\":\"https:\/\/igorsimko.sk\/hu\/stav-mostov-v-kosickom-kraji-je-alarmujuci\/\"},\"wordCount\":1520,\"commentCount\":0,\"publisher\":{\"@id\":\"https:\/\/igorsimko.sk\/#\/schema\/person\/356ef4c752e749ac28f30b31a94ae95d\"},\"image\":{\"@id\":\"https:\/\/igorsimko.sk\/hu\/stav-mostov-v-kosickom-kraji-je-alarmujuci\/#primaryimage\"},\"thumbnailUrl\":\"https:\/\/igorsimko.sk\/wp-content\/uploads\/2026\/04\/Stav-mostov-v-Kosickom-kraji-je-alarmujuci.jpg\",\"keywords\":[\"Politika\",\"V\u00fdchod\"],\"articleSection\":[\"Ko\u0161ice\"],\"inLanguage\":\"sk-SK\",\"potentialAction\":[{\"@type\":\"CommentAction\",\"name\":\"Comment\",\"target\":[\"https:\/\/igorsimko.sk\/hu\/stav-mostov-v-kosickom-kraji-je-alarmujuci\/#respond\"]}]},{\"@type\":\"WebPage\",\"@id\":\"https:\/\/igorsimko.sk\/hu\/stav-mostov-v-kosickom-kraji-je-alarmujuci\/\",\"url\":\"https:\/\/igorsimko.sk\/hu\/stav-mostov-v-kosickom-kraji-je-alarmujuci\/\",\"name\":\"Igor \u0160imko - Stav mostov v Ko\u0161ickom kraji je alarmuj\u00faci\",\"isPartOf\":{\"@id\":\"https:\/\/igorsimko.sk\/#website\"},\"primaryImageOfPage\":{\"@id\":\"https:\/\/igorsimko.sk\/hu\/stav-mostov-v-kosickom-kraji-je-alarmujuci\/#primaryimage\"},\"image\":{\"@id\":\"https:\/\/igorsimko.sk\/hu\/stav-mostov-v-kosickom-kraji-je-alarmujuci\/#primaryimage\"},\"thumbnailUrl\":\"https:\/\/igorsimko.sk\/wp-content\/uploads\/2026\/04\/Stav-mostov-v-Kosickom-kraji-je-alarmujuci.jpg\",\"datePublished\":\"2026-04-20T11:25:27+00:00\",\"dateModified\":\"2026-04-29T08:01:48+00:00\",\"description\":\"Stav mostov v Ko\u0161ickom kraji je alarmuj\u00faci, \u0160imko ozna\u010dil zistenia NK\u00da za zar\u00e1\u017eaj\u00face a na\u010drtol rie\u0161enie\",\"breadcrumb\":{\"@id\":\"https:\/\/igorsimko.sk\/hu\/stav-mostov-v-kosickom-kraji-je-alarmujuci\/#breadcrumb\"},\"inLanguage\":\"sk-SK\",\"potentialAction\":[{\"@type\":\"ReadAction\",\"target\":[\"https:\/\/igorsimko.sk\/hu\/stav-mostov-v-kosickom-kraji-je-alarmujuci\/\"]}]},{\"@type\":\"ImageObject\",\"inLanguage\":\"sk-SK\",\"@id\":\"https:\/\/igorsimko.sk\/hu\/stav-mostov-v-kosickom-kraji-je-alarmujuci\/#primaryimage\",\"url\":\"https:\/\/igorsimko.sk\/wp-content\/uploads\/2026\/04\/Stav-mostov-v-Kosickom-kraji-je-alarmujuci.jpg\",\"contentUrl\":\"https:\/\/igorsimko.sk\/wp-content\/uploads\/2026\/04\/Stav-mostov-v-Kosickom-kraji-je-alarmujuci.jpg\",\"width\":750,\"height\":500,\"caption\":\"Stav mostov v Ko\u0161ickom kraji je alarmuj\u00faci\"},{\"@type\":\"BreadcrumbList\",\"@id\":\"https:\/\/igorsimko.sk\/hu\/stav-mostov-v-kosickom-kraji-je-alarmujuci\/#breadcrumb\",\"itemListElement\":[{\"@type\":\"ListItem\",\"position\":1,\"name\":\"Domovsk\u00e1 str\u00e1nka\",\"item\":\"https:\/\/igorsimko.sk\/\"},{\"@type\":\"ListItem\",\"position\":2,\"name\":\"Stav mostov v Ko\u0161ickom kraji je alarmuj\u00faci\"}]},{\"@type\":\"WebSite\",\"@id\":\"https:\/\/igorsimko.sk\/#website\",\"url\":\"https:\/\/igorsimko.sk\/\",\"name\":\"www.igorsimko.sk\",\"description\":\"\",\"publisher\":{\"@id\":\"https:\/\/igorsimko.sk\/#\/schema\/person\/356ef4c752e749ac28f30b31a94ae95d\"},\"potentialAction\":[{\"@type\":\"SearchAction\",\"target\":{\"@type\":\"EntryPoint\",\"urlTemplate\":\"https:\/\/igorsimko.sk\/?s={search_term_string}\"},\"query-input\":{\"@type\":\"PropertyValueSpecification\",\"valueRequired\":true,\"valueName\":\"search_term_string\"}}],\"inLanguage\":\"sk-SK\"},{\"@type\":[\"Person\",\"Organization\"],\"@id\":\"https:\/\/igorsimko.sk\/#\/schema\/person\/356ef4c752e749ac28f30b31a94ae95d\",\"name\":\"Igor \u0160imko\",\"image\":{\"@type\":\"ImageObject\",\"inLanguage\":\"sk-SK\",\"@id\":\"https:\/\/igorsimko.sk\/#\/schema\/person\/image\/\",\"url\":\"http:\/\/igorsimko.sk\/wp-content\/uploads\/2026\/01\/logo-s-ramom-scaled.png\",\"contentUrl\":\"http:\/\/igorsimko.sk\/wp-content\/uploads\/2026\/01\/logo-s-ramom-scaled.png\",\"width\":2560,\"height\":2560,\"caption\":\"Igor \u0160imko\"},\"logo\":{\"@id\":\"https:\/\/igorsimko.sk\/#\/schema\/person\/image\/\"},\"sameAs\":[\"http:\/\/igorsimko.sk\"],\"url\":\"https:\/\/igorsimko.sk\/hu\/author\/privia\/\"}]}<\/script>\n<!-- \/ Yoast SEO plugin. -->","yoast_head_json":{"title":"Igor \u0160imko - Stav mostov v Ko\u0161ickom kraji je alarmuj\u00faci","description":"Stav mostov v Ko\u0161ickom kraji je alarmuj\u00faci, \u0160imko ozna\u010dil zistenia NK\u00da za zar\u00e1\u017eaj\u00face a na\u010drtol rie\u0161enie","robots":{"index":"index","follow":"follow","max-snippet":"max-snippet:-1","max-image-preview":"max-image-preview:large","max-video-preview":"max-video-preview:-1"},"canonical":"\/hu\/https:\/\/igorsimko.sk\/hu\/stav-mostov-v-kosickom-kraji-je-alarmujuci\/\/","og_locale":"sk_SK","og_type":"article","og_title":"Igor \u0160imko - Stav mostov v Ko\u0161ickom kraji je alarmuj\u00faci","og_description":"Hlas-SD reprezentovali Michal Bartek (poslanec NR SR) a Igor \u0160imko (poslanec NR SR) a za PS pri\u0161li Zuzana Mesterov\u00e1 (predsedn\u00ed\u010dka poslaneck\u00e9ho klubu) a Peter B\u00e1tor (zahrani\u010dn\u00fd expert).","og_url":"\/hu\/https:\/\/igorsimko.sk\/hu\/stav-mostov-v-kosickom-kraji-je-alarmujuci\/\/","og_site_name":"www.igorsimko.sk","article_published_time":"2026-04-20T11:25:27+00:00","article_modified_time":"2026-04-29T08:01:48+00:00","og_image":[{"width":2560,"height":1706,"url":"http:\/\/igorsimko.sk\/wp-content\/uploads\/2026\/01\/DSC05071-1-scaled.jpg","type":"image\/jpeg"}],"author":"Igor \u0160imko","twitter_card":"summary_large_image","twitter_misc":{"Autor":"Igor \u0160imko","Predpokladan\u00fd \u010das \u010d\u00edtania":"3 min\u00faty"},"schema":{"@context":"https:\/\/schema.org","@graph":[{"@type":"Article","@id":"https:\/\/igorsimko.sk\/hu\/stav-mostov-v-kosickom-kraji-je-alarmujuci\/#article","isPartOf":{"@id":"https:\/\/igorsimko.sk\/hu\/stav-mostov-v-kosickom-kraji-je-alarmujuci\/"},"author":{"name":"Igor \u0160imko","@id":"https:\/\/igorsimko.sk\/#\/schema\/person\/356ef4c752e749ac28f30b31a94ae95d"},"headline":"Stav mostov v Ko\u0161ickom kraji je alarmuj\u00faci","datePublished":"2026-04-20T11:25:27+00:00","dateModified":"2026-04-29T08:01:48+00:00","mainEntityOfPage":{"@id":"https:\/\/igorsimko.sk\/hu\/stav-mostov-v-kosickom-kraji-je-alarmujuci\/"},"wordCount":1520,"commentCount":0,"publisher":{"@id":"https:\/\/igorsimko.sk\/#\/schema\/person\/356ef4c752e749ac28f30b31a94ae95d"},"image":{"@id":"https:\/\/igorsimko.sk\/hu\/stav-mostov-v-kosickom-kraji-je-alarmujuci\/#primaryimage"},"thumbnailUrl":"https:\/\/igorsimko.sk\/wp-content\/uploads\/2026\/04\/Stav-mostov-v-Kosickom-kraji-je-alarmujuci.jpg","keywords":["Politika","V\u00fdchod"],"articleSection":["Ko\u0161ice"],"inLanguage":"sk-SK","potentialAction":[{"@type":"CommentAction","name":"Comment","target":["https:\/\/igorsimko.sk\/hu\/stav-mostov-v-kosickom-kraji-je-alarmujuci\/#respond"]}]},{"@type":"WebPage","@id":"https:\/\/igorsimko.sk\/hu\/stav-mostov-v-kosickom-kraji-je-alarmujuci\/","url":"https:\/\/igorsimko.sk\/hu\/stav-mostov-v-kosickom-kraji-je-alarmujuci\/","name":"Igor \u0160imko - Stav mostov v Ko\u0161ickom kraji je alarmuj\u00faci","isPartOf":{"@id":"https:\/\/igorsimko.sk\/#website"},"primaryImageOfPage":{"@id":"https:\/\/igorsimko.sk\/hu\/stav-mostov-v-kosickom-kraji-je-alarmujuci\/#primaryimage"},"image":{"@id":"https:\/\/igorsimko.sk\/hu\/stav-mostov-v-kosickom-kraji-je-alarmujuci\/#primaryimage"},"thumbnailUrl":"https:\/\/igorsimko.sk\/wp-content\/uploads\/2026\/04\/Stav-mostov-v-Kosickom-kraji-je-alarmujuci.jpg","datePublished":"2026-04-20T11:25:27+00:00","dateModified":"2026-04-29T08:01:48+00:00","description":"Stav mostov v Ko\u0161ickom kraji je alarmuj\u00faci, \u0160imko ozna\u010dil zistenia NK\u00da za zar\u00e1\u017eaj\u00face a na\u010drtol rie\u0161enie","breadcrumb":{"@id":"https:\/\/igorsimko.sk\/hu\/stav-mostov-v-kosickom-kraji-je-alarmujuci\/#breadcrumb"},"inLanguage":"sk-SK","potentialAction":[{"@type":"ReadAction","target":["https:\/\/igorsimko.sk\/hu\/stav-mostov-v-kosickom-kraji-je-alarmujuci\/"]}]},{"@type":"ImageObject","inLanguage":"sk-SK","@id":"https:\/\/igorsimko.sk\/hu\/stav-mostov-v-kosickom-kraji-je-alarmujuci\/#primaryimage","url":"https:\/\/igorsimko.sk\/wp-content\/uploads\/2026\/04\/Stav-mostov-v-Kosickom-kraji-je-alarmujuci.jpg","contentUrl":"https:\/\/igorsimko.sk\/wp-content\/uploads\/2026\/04\/Stav-mostov-v-Kosickom-kraji-je-alarmujuci.jpg","width":750,"height":500,"caption":"Stav mostov v Ko\u0161ickom kraji je alarmuj\u00faci"},{"@type":"BreadcrumbList","@id":"https:\/\/igorsimko.sk\/hu\/stav-mostov-v-kosickom-kraji-je-alarmujuci\/#breadcrumb","itemListElement":[{"@type":"ListItem","position":1,"name":"Domovsk\u00e1 str\u00e1nka","item":"https:\/\/igorsimko.sk\/"},{"@type":"ListItem","position":2,"name":"Stav mostov v Ko\u0161ickom kraji je alarmuj\u00faci"}]},{"@type":"WebSite","@id":"https:\/\/igorsimko.sk\/#website","url":"https:\/\/igorsimko.sk\/","name":"www.igorsimko.sk","description":"","publisher":{"@id":"https:\/\/igorsimko.sk\/#\/schema\/person\/356ef4c752e749ac28f30b31a94ae95d"},"potentialAction":[{"@type":"SearchAction","target":{"@type":"EntryPoint","urlTemplate":"https:\/\/igorsimko.sk\/?s={search_term_string}"},"query-input":{"@type":"PropertyValueSpecification","valueRequired":true,"valueName":"search_term_string"}}],"inLanguage":"sk-SK"},{"@type":["Person","Organization"],"@id":"https:\/\/igorsimko.sk\/#\/schema\/person\/356ef4c752e749ac28f30b31a94ae95d","name":"Igor \u0160imko","image":{"@type":"ImageObject","inLanguage":"sk-SK","@id":"https:\/\/igorsimko.sk\/#\/schema\/person\/image\/","url":"http:\/\/igorsimko.sk\/wp-content\/uploads\/2026\/01\/logo-s-ramom-scaled.png","contentUrl":"http:\/\/igorsimko.sk\/wp-content\/uploads\/2026\/01\/logo-s-ramom-scaled.png","width":2560,"height":2560,"caption":"Igor \u0160imko"},"logo":{"@id":"https:\/\/igorsimko.sk\/#\/schema\/person\/image\/"},"sameAs":["http:\/\/igorsimko.sk"],"url":"https:\/\/igorsimko.sk\/hu\/author\/privia\/"}]}},"_links":{"self":[{"href":"https:\/\/igorsimko.sk\/hu\/wp-json\/wp\/v2\/posts\/7851","targetHints":{"allow":["GET"]}}],"collection":[{"href":"https:\/\/igorsimko.sk\/hu\/wp-json\/wp\/v2\/posts"}],"about":[{"href":"https:\/\/igorsimko.sk\/hu\/wp-json\/wp\/v2\/types\/post"}],"author":[{"embeddable":true,"href":"https:\/\/igorsimko.sk\/hu\/wp-json\/wp\/v2\/users\/1"}],"replies":[{"embeddable":true,"href":"https:\/\/igorsimko.sk\/hu\/wp-json\/wp\/v2\/comments?post=7851"}],"version-history":[{"count":5,"href":"https:\/\/igorsimko.sk\/hu\/wp-json\/wp\/v2\/posts\/7851\/revisions"}],"predecessor-version":[{"id":7876,"href":"https:\/\/igorsimko.sk\/hu\/wp-json\/wp\/v2\/posts\/7851\/revisions\/7876"}],"wp:featuredmedia":[{"embeddable":true,"href":"https:\/\/igorsimko.sk\/hu\/wp-json\/wp\/v2\/media\/7852"}],"wp:attachment":[{"href":"https:\/\/igorsimko.sk\/hu\/wp-json\/wp\/v2\/media?parent=7851"}],"wp:term":[{"taxonomy":"category","embeddable":true,"href":"https:\/\/igorsimko.sk\/hu\/wp-json\/wp\/v2\/categories?post=7851"},{"taxonomy":"post_tag","embeddable":true,"href":"https:\/\/igorsimko.sk\/hu\/wp-json\/wp\/v2\/tags?post=7851"}],"curies":[{"name":"wp","href":"https:\/\/api.w.org\/{rel}","templated":true}]}}