{"id":7857,"date":"2026-04-14T14:11:42","date_gmt":"2026-04-14T12:11:42","guid":{"rendered":"https:\/\/igorsimko.sk\/?p=7857"},"modified":"2026-04-29T10:02:48","modified_gmt":"2026-04-29T08:02:48","slug":"mosty-v-kosickom-kraji-su-v-alarmujucom-stave","status":"publish","type":"post","link":"https:\/\/igorsimko.sk\/hu\/mosty-v-kosickom-kraji-su-v-alarmujucom-stave\/","title":{"rendered":"Mosty v Ko\u0161ickom kraji s\u00fa v alarmuj\u00facom stave"},"content":{"rendered":"<div id=\"fws_69f40f1560aa9\"  data-column-margin=\"default\" data-midnight=\"dark\"  class=\"wpb_row vc_row-fluid vc_row\"  style=\"padding-top: 40px; padding-bottom: 0px; \"><div class=\"row-bg-wrap\" data-bg-animation=\"none\" data-bg-animation-delay=\"\" data-bg-overlay=\"false\"><div class=\"inner-wrap row-bg-layer\" ><div class=\"row-bg viewport-desktop\"  style=\"\"><\/div><\/div><\/div><div class=\"row_col_wrap_12 col span_12 dark left\">\n\t<div  class=\"vc_col-sm-12 wpb_column column_container vc_column_container col no-extra-padding inherit_tablet inherit_phone flex_gap_desktop_10px\"  data-padding-pos=\"all\" data-has-bg-color=\"false\" data-bg-color=\"\" data-bg-opacity=\"1\" data-animation=\"\" data-delay=\"0\" >\n\t\t<div class=\"vc_column-inner\" >\n\t\t\t<div class=\"wpb_wrapper\">\n\t\t\t\t\n<div class=\"wpb_text_column wpb_content_element\" >\n\t<h1 id=\"headingComponentId\" class=\"Heading_heading__Z2oPL\" data-don=\"article_title\">\u0160imko bije na poplach! Mosty v Ko\u0161ickom kraji s\u00fa v alarmuj\u00facom stave: Je to zlyhanie syst\u00e9mu<\/h1>\n<p>&nbsp;<\/p>\n<p><strong>Mosty v Ko\u0161ickom kraji sa pod\u013ea zisten\u00ed Najvy\u0161\u0161ieho kontroln\u00e9ho \u00faradu prepadli do alarmuj\u00faceho stavu a poslanec Igor \u0160imko hovor\u00ed o syst\u00e9movom zlyhan\u00ed, nehospod\u00e1rnosti aj mo\u017enom ohrozen\u00ed \u013eud\u00ed. Tvrd\u00ed, \u017ee kraj u\u017e nem\u00e1 \u010das na v\u00fdhovorky a mus\u00ed okam\u017eite za\u010da\u0165 kona\u0165.<\/strong><\/p>\n<p>Debata o cest\u00e1ch a mostoch zvykne p\u00f4sobi\u0165 technicky, \u00faradn\u00edcky a pre mnoh\u00fdch aj vzdialene. Len\u017ee v Ko\u0161ickom kraji sa z nej st\u00e1va t\u00e9ma, ktor\u00e1 sa dot\u00fdka ka\u017edodenn\u00e9ho \u017eivota \u013eud\u00ed ove\u013ea viac, ne\u017e sa na prv\u00fd poh\u013ead zd\u00e1. <strong>Ke\u010f sa most dostane do havarijn\u00e9ho alebo kritick\u00e9ho stavu, nie je to len polo\u017eka v tabu\u013eke, ale probl\u00e9m rodi\u010dov, ktor\u00ed vozia deti do \u0161koly, pracuj\u00facich, ktor\u00ed sa potrebuj\u00fa dosta\u0165 do zamestnania, pacientov smeruj\u00facich k lek\u00e1rovi aj starostov obc\u00ed, ktor\u00e9 sa zo d\u0148a na de\u0148 m\u00f4\u017eu ocitn\u00fa\u0165 na okraji z\u00e1ujmu.\u00a0<\/strong>Pr\u00e1ve na tento rozmer za\u010dal v posledn\u00fdch d\u0148och d\u00f4razne upozor\u0148ova\u0165 poslanec N\u00e1rodnej rady SR a \u010dlen parlamentn\u00e9ho v\u00fdboru pre hospod\u00e1rske z\u00e1le\u017eitosti\u00a0<strong>Igor \u0160imko<\/strong>, ktor\u00fd tvrd\u00ed, \u017ee situ\u00e1cia v Ko\u0161ickom samospr\u00e1vnom kraji u\u017e\u00a0<strong>presiahla\u00a0<\/strong>hranicu be\u017en\u00e9ho zanedb\u00e1vania a nadobudla rozmery v\u00e1\u017eneho syst\u00e9mov\u00e9ho zlyhania.<\/p>\n<div id=\"paragraphBlock-2\" class=\"ParagraphBlock_wrapper__QkYgi\">\n<p class=\"ParagraphBlock_paragraph__hJWYe\">Podnetom na jeho ostr\u00fa reakciu boli v\u00fdsledky kontroly\u00a0<strong>Najvy\u0161\u0161ieho kontroln\u00e9ho \u00faradu SR, ktor\u00e9 na rokovan\u00ed v\u00fdboru prezentoval predseda NK\u00da \u013dubom\u00edr Andrassy.<\/strong>\u00a0Kontrola nadviazala na predch\u00e1dzaj\u00face zistenia a mapovala v\u00fdvoj stavu cestnej infra\u0161trukt\u00fary od roku 2017. Pr\u00e1ve \u010d\u00edsla, ktor\u00e9 na v\u00fdbore zazneli, s\u00fa mimoriadne v\u00e1\u017ene.<strong>\u00a0K\u00fdm v roku 2017 bolo pod\u013ea t\u00fdchto \u00fadajov v zlom stave 68 mostov v spr\u00e1ve Ko\u0161ick\u00e9ho samospr\u00e1vneho kraja, v roku 2024 ich u\u017e bolo 383.<\/strong><\/p>\n<\/div>\n<div id=\"paragraphBlock-14\" class=\"ParagraphBlock_wrapper__QkYgi\">\n<p class=\"ParagraphBlock_paragraph__hJWYe\">In\u00fdmi slovami, za dev\u00e4\u0165 rokov sa stav mostov v\u00a0<strong>kraji zhor\u0161il o viac ako 500 percent.<\/strong>\u00a0Ko\u0161ick\u00fd kraj sa tak dostal takmer na \u00fapln\u00fd chvost Slovenska a len mierne hor\u0161ie m\u00e1 pod\u013ea prezentovan\u00fdch \u00fadajov vych\u00e1dza\u0165 Trnavsk\u00fd kraj. E\u0161te alarmuj\u00facej\u0161ie vyznieva fakt, \u017ee v zlom stave s\u00fa takmer dve tretiny v\u0161etk\u00fdch mostov v kraji.<\/p>\n<div id=\"paragraphBlock-3\" class=\"ParagraphBlock_wrapper__QkYgi\">\n<p class=\"ParagraphBlock_paragraph__hJWYe\">Pre \u0160imka to nie je len technick\u00e1 spr\u00e1va o zanedbanej \u00fadr\u017ebe. Je to pod\u013ea neho d\u00f4kaz zlyhania aktu\u00e1lneho vedenia kraja.<strong><em>\u00a0<\/em><\/strong><\/p>\n<p>&nbsp;<\/p>\n<blockquote>\n<p class=\"ParagraphBlock_paragraph__hJWYe\"><strong><em>\u201eNa dopravn\u00fa infra\u0161trukt\u00faru v Ko\u0161ickom kraji sa m\u00ed\u0148a obrovsk\u00e9 mno\u017estvo pe\u0148az\u00ed nehospod\u00e1rne. Stav mostov je v\u0161ak st\u00e1le hor\u0161\u00ed. Kraj neust\u00e1le argumentuje, \u017ee na opravy nem\u00e1 dos\u0165 pe\u0148az\u00ed a pred vo\u013ebami chyst\u00e1 \u010fal\u0161ie ve\u013ek\u00e9 zadl\u017eovanie, najdrah\u0161ie na v\u00fdchode. \u010cerpanie eurofondov v kraji je v\u0161ak aj pod\u013ea spr\u00e1vy NK\u00da \u017ealostn\u00e9, peniaze sa vyhadzuj\u00fa na reklamu a marketing a na kilometer cesty d\u00e1va KSK z be\u017en\u00fdch v\u00fddavkov najviac zo v\u0161etk\u00fdch krajov na Slovensku. Ak sa teda nie\u010do rob\u00ed, rob\u00ed sa to ve\u013emi neefekt\u00edvne a re\u00e1lne v\u00fdsledky sa nedostavuj\u00fa,\u201c<\/em><\/strong><\/p>\n<\/blockquote>\n<p class=\"ParagraphBlock_paragraph__hJWYe\">povedal \u0160imko.<\/p>\n<p>&nbsp;<\/p>\n<\/div>\n<div id=\"paragraphBlock-4\" class=\"ParagraphBlock_wrapper__QkYgi\">\n<p class=\"ParagraphBlock_paragraph__hJWYe\">Pr\u00e1ve v tom spo\u010d\u00edva jadro jeho v\u00fdrokov. Nehovor\u00ed toti\u017e len o nedostatku pe\u0148az\u00ed, ale o tom, \u017ee aj tie financie, ktor\u00e9 kraj m\u00e1, neprin\u00e1\u0161aj\u00fa primeran\u00fd v\u00fdsledok.\u00a0<strong>To je ove\u013ea v\u00e1\u017enej\u0161ie tvrdenie ne\u017e klasick\u00e1 s\u0165a\u017enos\u0165 na poddimenzovan\u00e9 rozpo\u010dty. \u0160imko t\u00fdm fakticky tvrd\u00ed, \u017ee probl\u00e9mom nie je len bieda, ale aj sp\u00f4sob riadenia, priority a hospod\u00e1renie. Jeho argument\u00e1cia je postaven\u00e1 na kontraste medzi vysok\u00fdmi v\u00fddavkami a biednym v\u00fdsledkom.\u00a0<\/strong>Mosty sa pod\u013ea neho rozpadaj\u00fa napriek tomu, \u017ee samospr\u00e1va do dopravy posiela zna\u010dn\u00e9 peniaze.<\/p>\n<p class=\"ParagraphBlock_paragraph__hJWYe\">Z\u00e1rove\u0148 upozor\u0148uje, \u017ee na v\u00fdchode Slovenska maj\u00fa mosty in\u00fa v\u00e1hu ne\u017e v husto prepojen\u00fdch regi\u00f3noch. V mnoh\u00fdch \u010dastiach Ko\u0161ick\u00e9ho kraja ide o jedin\u00e9 re\u00e1lne spojenie medzi obcami a okresmi mimo krajsk\u00e9ho mesta. Ak je most uzavret\u00fd alebo v\u00fdrazne obmedzen\u00fd, d\u00f4sledkom nie je mal\u00e9 zdr\u017eanie, ale \u010dasto dramatick\u00e9 komplik\u00e1cie pre cel\u00fd be\u017en\u00fd \u017eivot. <strong>\u0160imko v tejto s\u00favislosti pripomenul aj pr\u00edklad mosta v S\u00edrniku, kde rekon\u0161trukcia priniesla obch\u00e1dzku dlh\u00fa viac ako 40 kilometrov.<\/strong><\/p>\n<p>&nbsp;<\/p>\n<\/div>\n<div id=\"headingBlock-1\" class=\"HeadingBlock_wrapper__UtdLJ\">\n<h2><\/h2>\n<h2><\/h2>\n<h2>Otvoren\u00e1 kritika Trnku<\/h2>\n<\/div>\n<div id=\"paragraphBlock-6\" class=\"ParagraphBlock_wrapper__QkYgi\">\n<p>&nbsp;<\/p>\n<p class=\"ParagraphBlock_paragraph__hJWYe\">K\u00fdm \u010das\u0165 politikov by pri podobnej t\u00e9me zostala pri kritike neefektivity,\u00a0<a href=\"https:\/\/www1.pluska.sk\/spravy\/regiony-uz-nemozu-doplacat-na-konsolidaciu-odkazal-simko-energopomoc-by-dal-na-charitu\" target=\"_blank\" rel=\"noopener\">\u0160imko\u00a0<\/a>hovor\u00ed aj o podozreniach, ktor\u00e9 s\u00fa omnoho tvrd\u0161ie.<strong><em>\u00a0<\/em><\/strong><\/p>\n<blockquote>\n<p class=\"ParagraphBlock_paragraph__hJWYe\"><strong><em>\u201eAlarmuj\u00face \u010d\u00edsla z kontroly NK\u00da s\u00fa bu\u010f d\u00f4kazom dlhodobej obrovskej neschopnosti aktu\u00e1lneho vedenia Ko\u0161ick\u00e9ho kraja alebo in\u00e9ho \u00fa\u010delu. Po deviatich rokoch \u017eupanovania Rastislava\u00a0<\/em><\/strong><a href=\"https:\/\/www1.pluska.sk\/spravy\/kosicka-zupa-patri-medzi-premiantov-cerpania-eurofondov-pocituju-to-aj-obcania\" target=\"_blank\" rel=\"noopener\">Trnku<\/a><strong><em>\u00a0ide o syst\u00e9mov\u00e9 zlyhanie a jeho rezign\u00e1ciu na zlep\u0161ovanie \u017eivota \u013eud\u00ed vo v\u0161etk\u00fdch okresoch Ko\u0161ick\u00e9ho kraja. Pri zn\u00e1mych kauz\u00e1ch na \u00farade KSK po\u010d\u00edtajme aj s mo\u017enos\u0165ou, \u017ee sa niekto m\u00f4\u017ee sna\u017ei\u0165 dosta\u0165 mosty do havarijn\u00e9ho stavu. Vtedy toti\u017e na san\u00e1ciu nie je potrebn\u00fd v\u00fdber dod\u00e1vate\u013ea, ale priame zadanie, \u010do m\u00f4\u017ee by\u0165 absol\u00fatnym zlyhan\u00edm vo\u010di obyvate\u013eom ale aj hospod\u00e1rnosti s peniazmi \u013eud\u00ed. Obyvatelia si zasl\u00fa\u017eia bezpe\u010dn\u00e9 mosty namiesto podozren\u00ed zo zlodej\u00edn,\u201c\u00a0<\/em><\/strong><\/p>\n<\/blockquote>\n<p class=\"ParagraphBlock_paragraph__hJWYe\">zhodnotil \u0160imko.<\/p>\n<\/div>\n<\/div>\n<\/div>\n\n\n\n<div class=\"img-with-aniamtion-wrap\" data-max-width=\"100%\" data-max-width-mobile=\"default\" data-shadow=\"none\" data-animation=\"none\" >\n      <div class=\"inner\">\n        <div class=\"hover-wrap\"> \n          <div class=\"hover-wrap-inner\">\n            <img loading=\"lazy\" decoding=\"async\" class=\"img-with-animation skip-lazy\" data-delay=\"0\" height=\"1122\" width=\"1680\" data-animation=\"none\" src=\"https:\/\/igorsimko.sk\/wp-content\/uploads\/2026\/04\/0381549c-32b3-40a6-95fe-cde5690e0049.webp\" alt=\"V alarmuj\u00facom stave s\u00fa mosty naprie\u010d cel\u00fdm Slovenskom.\" srcset=\"https:\/\/igorsimko.sk\/wp-content\/uploads\/2026\/04\/0381549c-32b3-40a6-95fe-cde5690e0049.webp 1680w, https:\/\/igorsimko.sk\/wp-content\/uploads\/2026\/04\/0381549c-32b3-40a6-95fe-cde5690e0049-300x200.webp 300w, https:\/\/igorsimko.sk\/wp-content\/uploads\/2026\/04\/0381549c-32b3-40a6-95fe-cde5690e0049-1024x684.webp 1024w, https:\/\/igorsimko.sk\/wp-content\/uploads\/2026\/04\/0381549c-32b3-40a6-95fe-cde5690e0049-768x513.webp 768w, https:\/\/igorsimko.sk\/wp-content\/uploads\/2026\/04\/0381549c-32b3-40a6-95fe-cde5690e0049-1536x1026.webp 1536w, https:\/\/igorsimko.sk\/wp-content\/uploads\/2026\/04\/0381549c-32b3-40a6-95fe-cde5690e0049-18x12.webp 18w, https:\/\/igorsimko.sk\/wp-content\/uploads\/2026\/04\/0381549c-32b3-40a6-95fe-cde5690e0049-900x600.webp 900w\" sizes=\"auto, (max-width: 1680px) 100vw, 1680px\" \/>\n          <\/div>\n        <\/div>\n        \n      <\/div>\n    <\/div>\n<div class=\"wpb_text_column wpb_content_element\" >\n\t<div id=\"paragraphBlock-7\" class=\"ParagraphBlock_wrapper__QkYgi\">\n<div class=\"ImageBlock_wrapper__MPLRf\">\n<div class=\"ImageBlock_caption-wrapper__FQVBu\">\n<p class=\"image-block-caption\" style=\"text-align: center;\"><em>V alarmuj\u00facom stave s\u00fa mosty naprie\u010d cel\u00fdm Slovenskom.<\/em><\/p>\n<\/div>\n<\/div>\n<p>&nbsp;<\/p>\n<p class=\"ParagraphBlock_paragraph__hJWYe\">To je moment, v ktorom sa z kritiky stavu mostov st\u00e1va podstatne tvrd\u0161\u00ed politick\u00fd konflikt. Poslanec u\u017e toti\u017e nenazna\u010duje iba neporiadok, ale hovor\u00ed o mo\u017enosti, \u017ee zanedban\u00fd stav infra\u0161trukt\u00fary m\u00f4\u017ee vytv\u00e1ra\u0165 priestor na mimoriadne z\u00e1sahy a priame zad\u00e1vania.\u00a0<strong>Tak\u00e9to tvrdenie je mimoriadne v\u00e1\u017ene, preto\u017ee pods\u00fava ot\u00e1zku, \u010di je rozpad infra\u0161trukt\u00fary iba d\u00f4sledkom neschopnosti, alebo \u010di v \u0148om niekto m\u00f4\u017ee vidie\u0165 aj v\u00fdhodu.\u00a0<\/strong>Aj preto \u0160imko zd\u00f4raz\u0148uje, \u017ee \u013eudia v kraji si nezasl\u00fa\u017eia \u017ei\u0165 v prostred\u00ed, kde pri mostoch nevznik\u00e1 istota bezpe\u010dnosti, ale podozrenie, \u010di verejn\u00e9 peniaze nekon\u010dia inde, ne\u017e by mali.<\/p>\n<p class=\"ParagraphBlock_paragraph__hJWYe\">E\u0161te \u010falej za\u0161iel vo chv\u00edli, ke\u010f upozornil, \u017ee vedom\u00e9 nepresmerovanie financi\u00ed do infra\u0161trukt\u00fary, ktor\u00fa denne vyu\u017e\u00edvaj\u00fa st\u00e1tis\u00edce obyvate\u013eov, m\u00f4\u017ee naplni\u0165 podmienky trestn\u00e9ho \u010dinu v\u0161eobecn\u00e9ho ohrozenia.<\/p>\n<p class=\"ParagraphBlock_paragraph__hJWYe\">Na druhej strane v\u0161ak nezostal iba pri kritike. Na rokovan\u00ed <a href=\"https:\/\/www1.pluska.sk\/spravy\/kery-o-sialenych-vyrokoch-trumpa-o-konci-civilizacie-europa-si-uz-nemoze-dovolit-byt-ticho\" target=\"_blank\" rel=\"noopener\">v\u00fdboru\u00a0<\/a>predniesol aj n\u00e1vrh syst\u00e9mov\u00e9ho rie\u0161enia. Pod\u013ea neho bude v najbli\u017e\u0161\u00edch rokoch nevyhnutn\u00e9 zavies\u0165 koncep\u010dn\u00fd monitoring v\u0161etk\u00fdch mostov a z\u00e1rove\u0148 prist\u00fapi\u0165 k oprav\u00e1m cez PPP projekty a viaczdrojov\u00e9 financovanie. Teda nie len hasi\u0165 najhor\u0161ie pr\u00edpady, ale vytvori\u0165 mechanizmus, ktor\u00fd by dlhodobo sledoval stav mostov a ur\u010doval priority z\u00e1sahov.<strong>\u00a0Predseda NK\u00da \u013dubom\u00edr Andrassy ozna\u010dil rie\u0161enie cez PPP projekty za pr\u00ednosn\u00e9, z\u00e1rove\u0148 v\u0161ak doplnil, \u017ee ka\u017ed\u00fd tak\u00fdto projekt bude potrebn\u00e9 posudzova\u0165 individu\u00e1lne a na z\u00e1klade konkr\u00e9tnych anal\u00fdz.<\/strong><\/p>\n<\/div>\n<div id=\"headingBlock-2\" class=\"HeadingBlock_wrapper__UtdLJ\">\n<h2>PPP projekty<\/h2>\n<\/div>\n<div id=\"paragraphBlock-10\" class=\"ParagraphBlock_wrapper__QkYgi\">\n<p class=\"ParagraphBlock_paragraph__hJWYe\">Pr\u00e1ve v tomto bode sa ukazuje, \u017ee \u0160imko sa sna\u017e\u00ed prin\u00e1\u0161a\u0165 vlastn\u00fd koncept.\u00a0<strong>\u010ci je PPP model naozaj cesta, bude predmetom \u010fal\u0161ej odbornej aj politickej debaty. Ist\u00e9 v\u0161ak je, \u017ee samotn\u00e1 diagn\u00f3za zlyhania u\u017e dnes p\u00f4sob\u00ed nato\u013eko v\u00e1\u017ene, \u017ee ot\u00e1zka znie sk\u00f4r kedy a ako sa za\u010dne kona\u0165, ne\u017e \u010di v\u00f4bec treba nie\u010do robi\u0165.<\/strong>\u00a0Ak je toti\u017e pod\u013ea NK\u00da v zlom stave 383 mostov zo 654, ide o rozsah probl\u00e9mu, ktor\u00fd nemo\u017eno vyrie\u0161i\u0165 jedn\u00fdm rozpo\u010dtov\u00fdm opatren\u00edm ani jednou tla\u010dovou konferenciou.<\/p>\n<\/div>\n<div class=\"ImageBlock_wrapper__MPLRf\"><\/div>\n<\/div>\n\n\n\n<div class=\"img-with-aniamtion-wrap\" data-max-width=\"100%\" data-max-width-mobile=\"default\" data-shadow=\"none\" data-animation=\"none\" >\n      <div class=\"inner\">\n        <div class=\"hover-wrap\"> \n          <div class=\"hover-wrap-inner\">\n            <img loading=\"lazy\" decoding=\"async\" class=\"img-with-animation skip-lazy\" data-delay=\"0\" height=\"794\" width=\"1680\" data-animation=\"none\" src=\"https:\/\/igorsimko.sk\/wp-content\/uploads\/2026\/04\/117c1bdf-1dcc-45d6-bee1-e46805073e0d.webp\" alt=\"Igora \u0160imka tr\u00e1pi najm\u00e4 situ\u00e1cia v jeho rodnom Ko\u0161ickom kraji.\" srcset=\"https:\/\/igorsimko.sk\/wp-content\/uploads\/2026\/04\/117c1bdf-1dcc-45d6-bee1-e46805073e0d.webp 1680w, https:\/\/igorsimko.sk\/wp-content\/uploads\/2026\/04\/117c1bdf-1dcc-45d6-bee1-e46805073e0d-300x142.webp 300w, https:\/\/igorsimko.sk\/wp-content\/uploads\/2026\/04\/117c1bdf-1dcc-45d6-bee1-e46805073e0d-1024x484.webp 1024w, https:\/\/igorsimko.sk\/wp-content\/uploads\/2026\/04\/117c1bdf-1dcc-45d6-bee1-e46805073e0d-768x363.webp 768w, https:\/\/igorsimko.sk\/wp-content\/uploads\/2026\/04\/117c1bdf-1dcc-45d6-bee1-e46805073e0d-1536x726.webp 1536w, https:\/\/igorsimko.sk\/wp-content\/uploads\/2026\/04\/117c1bdf-1dcc-45d6-bee1-e46805073e0d-18x9.webp 18w\" sizes=\"auto, (max-width: 1680px) 100vw, 1680px\" \/>\n          <\/div>\n        <\/div>\n        \n      <\/div>\n    <\/div>\n<div class=\"wpb_text_column wpb_content_element\" >\n\t<div class=\"ImageBlock_wrapper__MPLRf\">\n<div class=\"ImageBlock_caption-wrapper__FQVBu\">\n<p class=\"image-block-caption\" style=\"text-align: center;\"><em>Igora \u0160imka tr\u00e1pi najm\u00e4 situ\u00e1cia v jeho rodnom Ko\u0161ickom kraji.<\/em><\/p>\n<\/div>\n<div id=\"paragraphBlock-11\" class=\"ParagraphBlock_wrapper__QkYgi\">\n<p>&nbsp;<\/p>\n<p class=\"ParagraphBlock_paragraph__hJWYe\"><strong>\u0160imko navy\u0161e otvorene sp\u00e1ja dne\u0161n\u00fd stav s deviatimi rokmi p\u00f4sobenia s\u00fa\u010dasn\u00e9ho \u017eupana Rastislava Trnku.\u00a0<\/strong>Tvrd\u00ed, \u017ee po takom dlhom obdob\u00ed u\u017e nemo\u017eno hovori\u0165 o zdedenom probl\u00e9me, ale o jasnej politickej zodpovednosti. V jeho interpret\u00e1cii je rozpad mostov symbolom \u0161ir\u0161ieho zlyhania riadenia kraja. Ak vedenie nedok\u00e1\u017ee zvl\u00e1dnu\u0165 ani san\u00e1ciu existuj\u00faceho stavu, pod\u013ea \u0160imka je \u0165a\u017ek\u00e9 veri\u0165, \u017ee bude schopn\u00e9 pos\u00fava\u0165 dopredu ve\u013ek\u00e9 rozvojov\u00e9 projekty \u010di strategick\u00e9 dopravn\u00e9 pl\u00e1ny.<strong> Aj preto pripomenul, \u017ee od s\u00fa\u010dasn\u00e9ho vedenia neo\u010dak\u00e1va schopnos\u0165 zapoji\u0165 sa do budovania nov\u00fdch \u00fasekov alebo strategick\u00fdch projektov typu dia\u013enice na Zempl\u00edn, ke\u010f\u017ee kraj pod\u013ea neho dlhodobo nezvl\u00e1da ani opravu toho, \u010do u\u017e m\u00e1.<\/strong><\/p>\n<p class=\"ParagraphBlock_paragraph__hJWYe\">Cel\u00e1 kauza tak naber\u00e1 viacero vrstiev naraz. Je to pr\u00edbeh o zanedbanej infra\u0161trukt\u00fare, o zlyhan\u00ed verejn\u00e9ho mana\u017ementu, o podozreniach z nehospod\u00e1rnosti, ale aj o tom, ako sa m\u00f4\u017ee zdanlivo such\u00e1 technick\u00e1 t\u00e9ma sta\u0165 siln\u00fdm politick\u00fdm symbolom. Mosty s\u00fa toti\u017e vo verejnom priestore v\u00fdnimo\u010dn\u00e9 t\u00fdm, \u017ee ich stav nemo\u017eno dlhodobo prekry\u0165 marketingom.\u00a0<strong>Bu\u010f dr\u017eia a sl\u00fa\u017eia, alebo sa st\u00e1vaj\u00fa probl\u00e9mom, ktor\u00fd \u013eudia poc\u00edtia na vlastnej ko\u017ei. A pr\u00e1ve na tomto dnes stavia Igor \u0160imko svoju ostr\u00fa kritiku kraja.\u00a0<\/strong>Tvrd\u00ed, \u017ee Ko\u0161ick\u00fd kraj u\u017e d\u00e1vno nem\u00e1 probl\u00e9m len s mostami, ale s d\u00f4verou \u013eud\u00ed, \u017ee niekto v\u00f4bec sleduje ich bezpe\u010dnos\u0165 a ka\u017edodenn\u00e9 potreby.<\/p>\n<p><strong>To, \u010do sa dnes odohr\u00e1va okolo spr\u00e1vy NK\u00da, preto nemus\u00ed by\u0165 len kr\u00e1tkou epiz\u00f3dou v region\u00e1lnej politike.<\/strong>\u00a0Ak sa potvrd\u00ed, \u017ee za roky pribudli stovky mostov v zlom stave a kraj pri tom nevedel \u00fa\u010dinne nastavi\u0165 opravy ani \u010derpanie dostupn\u00fdch zdrojov, p\u00f4jde o jednu z najv\u00e1\u017enej\u0161\u00edch vizitiek fungovania region\u00e1lnej samospr\u00e1vy na v\u00fdchode Slovenska.\u00a0<strong>\u0160imko to pochopil r\u00fdchlo a rozhodol sa t\u00e9mu uchopi\u0165 naplno.\u00a0<\/strong>Nie ako okrajov\u00fa odborn\u00fa pozn\u00e1mku, ale ako varovanie, \u017ee zanedban\u00e1 infra\u0161trukt\u00fara m\u00f4\u017ee by\u0165 predzves\u0165ou ove\u013ea v\u00e4\u010d\u0161ieho zlyhania \u0161t\u00e1tu a samospr\u00e1vy vo\u010di vlastn\u00fdm ob\u010danom.<\/p>\n<\/div>\n<div id=\"relatedArticleBlock-2\" class=\"\">\n<article class=\"RelatedArticleBlock_row__xNwQA\">\n<div class=\"RelatedArticleBlock_title__X90_Z\">\n<div class=\"RelatedArticleBlock_article__PN_5u\"><\/div>\n<\/div>\n<\/article>\n<\/div>\n<\/div>\n<\/div>\n\n\n\n\n\t\t\t<\/div> \n\t\t<\/div>\n\t<\/div> \n<\/div><\/div>\n\t\t<div id=\"fws_69f40f1562429\"  data-column-margin=\"default\" data-midnight=\"dark\"  class=\"wpb_row vc_row-fluid vc_row\"  style=\"padding-top: 40px; padding-bottom: 0px; \"><div class=\"row-bg-wrap\" data-bg-animation=\"none\" data-bg-animation-delay=\"\" data-bg-overlay=\"false\"><div class=\"inner-wrap row-bg-layer\" ><div class=\"row-bg viewport-desktop\"  style=\"\"><\/div><\/div><\/div><div class=\"row_col_wrap_12 col span_12 dark left\">\n\t<div  class=\"vc_col-sm-12 wpb_column column_container vc_column_container col no-extra-padding force-desktop-text-align-center inherit_tablet inherit_phone\"  data-padding-pos=\"all\" data-has-bg-color=\"false\" data-bg-color=\"\" data-bg-opacity=\"1\" data-animation=\"\" data-delay=\"0\" >\n\t\t<div class=\"vc_column-inner\" >\n\t\t\t<div class=\"wpb_wrapper\">\n\t\t\t\t\n\t\t\t<\/div> \n\t\t<\/div>\n\t<\/div> \n<\/div><\/div>\n\t\t<div id=\"fws_69f40f156262c\"  data-column-margin=\"default\" data-midnight=\"dark\"  class=\"wpb_row vc_row-fluid vc_row\"  style=\"padding-top: 0px; padding-bottom: 0px; \"><div class=\"row-bg-wrap\" data-bg-animation=\"none\" data-bg-animation-delay=\"\" data-bg-overlay=\"false\"><div class=\"inner-wrap row-bg-layer\" ><div class=\"row-bg viewport-desktop\"  style=\"\"><\/div><\/div><\/div><div class=\"row_col_wrap_12 col span_12 dark left\">\n\t<div  class=\"vc_col-sm-12 wpb_column column_container vc_column_container col no-extra-padding inherit_tablet inherit_phone flex_gap_desktop_10px\"  data-padding-pos=\"all\" data-has-bg-color=\"false\" data-bg-color=\"\" data-bg-opacity=\"1\" data-animation=\"\" data-delay=\"0\" >\n\t\t<div class=\"vc_column-inner\" >\n\t\t\t<div class=\"wpb_wrapper\">\n\t\t\t\t\n<div class=\"wpb_text_column wpb_content_element\" >\n\t<p><span style=\"color: #850001;\"><strong>Pozrite si cel\u00fd \u010dl\u00e1nok ni\u017e\u0161ie \u2193<\/strong><\/span><\/p>\n<p><em>Zdroj: <a href=\"https:\/\/www1.pluska.sk\/spravy\/simko-bije-na-poplach-mosty-v-kosickom-kraji-su-v-alarmujucom-stave-je-to-zlyhanie-systemu\"><strong>pluska.sk<\/strong> &#8211; https:\/\/www1.pluska.sk\/spravy\/simko-bije-na-poplach-mosty-v-kosickom-kraji-su-v-alarmujucom-stave-je-to-zlyhanie-systemu<\/a><\/em><\/p>\n<div class=\"detail_author_wrap\">\n<div class=\"detail_author\">\n<div class=\"detail_author_item\"><\/div>\n<\/div>\n<\/div>\n<div class=\"detail_author_wrap\">\n<div class=\"detail_author\">\n<div class=\"detail_author_item\"><\/div>\n<\/div>\n<\/div>\n<\/div>\n\n\n\n\n\t\t\t<\/div> \n\t\t<\/div>\n\t<\/div> \n<\/div><\/div>\n\t\t<div id=\"fws_69f40f156297b\"  data-column-margin=\"default\" data-midnight=\"dark\"  class=\"wpb_row vc_row-fluid vc_row\"  style=\"padding-top: 0px; padding-bottom: 0px; \"><div class=\"row-bg-wrap\" data-bg-animation=\"none\" data-bg-animation-delay=\"\" data-bg-overlay=\"false\"><div class=\"inner-wrap row-bg-layer\" ><div class=\"row-bg viewport-desktop\"  style=\"\"><\/div><\/div><\/div><div class=\"row_col_wrap_12 col span_12 dark left\">\n\t<div  class=\"vc_col-sm-12 wpb_column column_container vc_column_container col no-extra-padding inherit_tablet inherit_phone flex_gap_desktop_10px\"  data-padding-pos=\"all\" data-has-bg-color=\"false\" data-bg-color=\"\" data-bg-opacity=\"1\" data-animation=\"\" data-delay=\"0\" >\n\t\t<div class=\"vc_column-inner\" >\n\t\t\t<div class=\"wpb_wrapper\">\n\t\t\t\t\n\t\t\t<\/div> \n\t\t<\/div>\n\t<\/div> \n<\/div><\/div>","protected":false},"excerpt":{"rendered":"\u0160imko bije na poplach! Mosty v Ko\u0161ickom kraji s\u00fa v alarmuj\u00facom stave: Je to zlyhanie syst\u00e9mu &nbsp; Mosty v Ko\u0161ickom kraji sa pod\u013ea zisten\u00ed Najvy\u0161\u0161ieho...","protected":false},"author":1,"featured_media":7858,"comment_status":"open","ping_status":"open","sticky":false,"template":"","format":"standard","meta":{"footnotes":""},"categories":[103],"tags":[69,71],"class_list":{"0":"post-7857","1":"post","2":"type-post","3":"status-publish","4":"format-standard","5":"has-post-thumbnail","7":"category-kosice-sk","8":"tag-politika","9":"tag-vychod"},"yoast_head":"<!-- This site is optimized with the Yoast SEO plugin v26.8 - https:\/\/yoast.com\/product\/yoast-seo-wordpress\/ -->\n<title>Igor \u0160imko - Mosty v Ko\u0161ickom kraji s\u00fa v alarmuj\u00facom stave<\/title>\n<meta name=\"description\" content=\"Igor \u0160imko bije na poplach! Mosty v Ko\u0161ickom kraji s\u00fa v alarmuj\u00facom stave: Je to zlyhanie syst\u00e9mu\" \/>\n<meta name=\"robots\" content=\"index, follow, max-snippet:-1, max-image-preview:large, max-video-preview:-1\" \/>\n<link rel=\"canonical\" href=\"\/hu\/https:\/\/igorsimko.sk\/hu\/mosty-v-kosickom-kraji-su-v-alarmujucom-stave\/\/\" \/>\n<meta property=\"og:locale\" content=\"sk_SK\" \/>\n<meta property=\"og:type\" content=\"article\" \/>\n<meta property=\"og:title\" content=\"Igor \u0160imko - Mosty v Ko\u0161ickom kraji s\u00fa v alarmuj\u00facom stave\" \/>\n<meta property=\"og:description\" content=\"Hlas-SD reprezentovali Michal Bartek (poslanec NR SR) a Igor \u0160imko (poslanec NR SR) a za PS pri\u0161li Zuzana Mesterov\u00e1 (predsedn\u00ed\u010dka poslaneck\u00e9ho klubu) a Peter B\u00e1tor (zahrani\u010dn\u00fd expert).\" \/>\n<meta property=\"og:url\" content=\"\/hu\/https:\/\/igorsimko.sk\/hu\/mosty-v-kosickom-kraji-su-v-alarmujucom-stave\/\/\" \/>\n<meta property=\"og:site_name\" content=\"www.igorsimko.sk\" \/>\n<meta property=\"article:published_time\" content=\"2026-04-14T12:11:42+00:00\" \/>\n<meta property=\"article:modified_time\" content=\"2026-04-29T08:02:48+00:00\" \/>\n<meta property=\"og:image\" content=\"http:\/\/igorsimko.sk\/wp-content\/uploads\/2026\/01\/DSC05071-1-scaled.jpg\" \/>\n\t<meta property=\"og:image:width\" content=\"2560\" \/>\n\t<meta property=\"og:image:height\" content=\"1706\" \/>\n\t<meta property=\"og:image:type\" content=\"image\/jpeg\" \/>\n<meta name=\"author\" content=\"Igor \u0160imko\" \/>\n<meta name=\"twitter:card\" content=\"summary_large_image\" \/>\n<meta name=\"twitter:label1\" content=\"Autor\" \/>\n\t<meta name=\"twitter:data1\" content=\"Igor \u0160imko\" \/>\n\t<meta name=\"twitter:label2\" content=\"Predpokladan\u00fd \u010das \u010d\u00edtania\" \/>\n\t<meta name=\"twitter:data2\" content=\"7 min\u00fat\" \/>\n<script type=\"application\/ld+json\" class=\"yoast-schema-graph\">{\"@context\":\"https:\/\/schema.org\",\"@graph\":[{\"@type\":\"Article\",\"@id\":\"https:\/\/igorsimko.sk\/hu\/mosty-v-kosickom-kraji-su-v-alarmujucom-stave\/#article\",\"isPartOf\":{\"@id\":\"https:\/\/igorsimko.sk\/hu\/mosty-v-kosickom-kraji-su-v-alarmujucom-stave\/\"},\"author\":{\"name\":\"Igor \u0160imko\",\"@id\":\"https:\/\/igorsimko.sk\/#\/schema\/person\/356ef4c752e749ac28f30b31a94ae95d\"},\"headline\":\"Mosty v Ko\u0161ickom kraji s\u00fa v alarmuj\u00facom stave\",\"datePublished\":\"2026-04-14T12:11:42+00:00\",\"dateModified\":\"2026-04-29T08:02:48+00:00\",\"mainEntityOfPage\":{\"@id\":\"https:\/\/igorsimko.sk\/hu\/mosty-v-kosickom-kraji-su-v-alarmujucom-stave\/\"},\"wordCount\":2503,\"commentCount\":0,\"publisher\":{\"@id\":\"https:\/\/igorsimko.sk\/#\/schema\/person\/356ef4c752e749ac28f30b31a94ae95d\"},\"image\":{\"@id\":\"https:\/\/igorsimko.sk\/hu\/mosty-v-kosickom-kraji-su-v-alarmujucom-stave\/#primaryimage\"},\"thumbnailUrl\":\"https:\/\/igorsimko.sk\/wp-content\/uploads\/2026\/04\/e0bebf0e-51d9-4c63-ac8e-963e4ff87649.webp\",\"keywords\":[\"Politika\",\"V\u00fdchod\"],\"articleSection\":[\"Ko\u0161ice\"],\"inLanguage\":\"sk-SK\",\"potentialAction\":[{\"@type\":\"CommentAction\",\"name\":\"Comment\",\"target\":[\"https:\/\/igorsimko.sk\/hu\/mosty-v-kosickom-kraji-su-v-alarmujucom-stave\/#respond\"]}]},{\"@type\":\"WebPage\",\"@id\":\"https:\/\/igorsimko.sk\/hu\/mosty-v-kosickom-kraji-su-v-alarmujucom-stave\/\",\"url\":\"https:\/\/igorsimko.sk\/hu\/mosty-v-kosickom-kraji-su-v-alarmujucom-stave\/\",\"name\":\"Igor \u0160imko - Mosty v Ko\u0161ickom kraji s\u00fa v alarmuj\u00facom stave\",\"isPartOf\":{\"@id\":\"https:\/\/igorsimko.sk\/#website\"},\"primaryImageOfPage\":{\"@id\":\"https:\/\/igorsimko.sk\/hu\/mosty-v-kosickom-kraji-su-v-alarmujucom-stave\/#primaryimage\"},\"image\":{\"@id\":\"https:\/\/igorsimko.sk\/hu\/mosty-v-kosickom-kraji-su-v-alarmujucom-stave\/#primaryimage\"},\"thumbnailUrl\":\"https:\/\/igorsimko.sk\/wp-content\/uploads\/2026\/04\/e0bebf0e-51d9-4c63-ac8e-963e4ff87649.webp\",\"datePublished\":\"2026-04-14T12:11:42+00:00\",\"dateModified\":\"2026-04-29T08:02:48+00:00\",\"description\":\"Igor \u0160imko bije na poplach! Mosty v Ko\u0161ickom kraji s\u00fa v alarmuj\u00facom stave: Je to zlyhanie syst\u00e9mu\",\"breadcrumb\":{\"@id\":\"https:\/\/igorsimko.sk\/hu\/mosty-v-kosickom-kraji-su-v-alarmujucom-stave\/#breadcrumb\"},\"inLanguage\":\"sk-SK\",\"potentialAction\":[{\"@type\":\"ReadAction\",\"target\":[\"https:\/\/igorsimko.sk\/hu\/mosty-v-kosickom-kraji-su-v-alarmujucom-stave\/\"]}]},{\"@type\":\"ImageObject\",\"inLanguage\":\"sk-SK\",\"@id\":\"https:\/\/igorsimko.sk\/hu\/mosty-v-kosickom-kraji-su-v-alarmujucom-stave\/#primaryimage\",\"url\":\"https:\/\/igorsimko.sk\/wp-content\/uploads\/2026\/04\/e0bebf0e-51d9-4c63-ac8e-963e4ff87649.webp\",\"contentUrl\":\"https:\/\/igorsimko.sk\/wp-content\/uploads\/2026\/04\/e0bebf0e-51d9-4c63-ac8e-963e4ff87649.webp\",\"width\":1680,\"height\":945,\"caption\":\"Mosty v Ko\u0161ickom kraji s\u00fa v alarmuj\u00facom stave\"},{\"@type\":\"BreadcrumbList\",\"@id\":\"https:\/\/igorsimko.sk\/hu\/mosty-v-kosickom-kraji-su-v-alarmujucom-stave\/#breadcrumb\",\"itemListElement\":[{\"@type\":\"ListItem\",\"position\":1,\"name\":\"Domovsk\u00e1 str\u00e1nka\",\"item\":\"https:\/\/igorsimko.sk\/\"},{\"@type\":\"ListItem\",\"position\":2,\"name\":\"Mosty v Ko\u0161ickom kraji s\u00fa v alarmuj\u00facom stave\"}]},{\"@type\":\"WebSite\",\"@id\":\"https:\/\/igorsimko.sk\/#website\",\"url\":\"https:\/\/igorsimko.sk\/\",\"name\":\"www.igorsimko.sk\",\"description\":\"\",\"publisher\":{\"@id\":\"https:\/\/igorsimko.sk\/#\/schema\/person\/356ef4c752e749ac28f30b31a94ae95d\"},\"potentialAction\":[{\"@type\":\"SearchAction\",\"target\":{\"@type\":\"EntryPoint\",\"urlTemplate\":\"https:\/\/igorsimko.sk\/?s={search_term_string}\"},\"query-input\":{\"@type\":\"PropertyValueSpecification\",\"valueRequired\":true,\"valueName\":\"search_term_string\"}}],\"inLanguage\":\"sk-SK\"},{\"@type\":[\"Person\",\"Organization\"],\"@id\":\"https:\/\/igorsimko.sk\/#\/schema\/person\/356ef4c752e749ac28f30b31a94ae95d\",\"name\":\"Igor \u0160imko\",\"image\":{\"@type\":\"ImageObject\",\"inLanguage\":\"sk-SK\",\"@id\":\"https:\/\/igorsimko.sk\/#\/schema\/person\/image\/\",\"url\":\"http:\/\/igorsimko.sk\/wp-content\/uploads\/2026\/01\/logo-s-ramom-scaled.png\",\"contentUrl\":\"http:\/\/igorsimko.sk\/wp-content\/uploads\/2026\/01\/logo-s-ramom-scaled.png\",\"width\":2560,\"height\":2560,\"caption\":\"Igor \u0160imko\"},\"logo\":{\"@id\":\"https:\/\/igorsimko.sk\/#\/schema\/person\/image\/\"},\"sameAs\":[\"http:\/\/igorsimko.sk\"],\"url\":\"https:\/\/igorsimko.sk\/hu\/author\/privia\/\"}]}<\/script>\n<!-- \/ Yoast SEO plugin. -->","yoast_head_json":{"title":"Igor \u0160imko - Mosty v Ko\u0161ickom kraji s\u00fa v alarmuj\u00facom stave","description":"Igor \u0160imko bije na poplach! Mosty v Ko\u0161ickom kraji s\u00fa v alarmuj\u00facom stave: Je to zlyhanie syst\u00e9mu","robots":{"index":"index","follow":"follow","max-snippet":"max-snippet:-1","max-image-preview":"max-image-preview:large","max-video-preview":"max-video-preview:-1"},"canonical":"\/hu\/https:\/\/igorsimko.sk\/hu\/mosty-v-kosickom-kraji-su-v-alarmujucom-stave\/\/","og_locale":"sk_SK","og_type":"article","og_title":"Igor \u0160imko - Mosty v Ko\u0161ickom kraji s\u00fa v alarmuj\u00facom stave","og_description":"Hlas-SD reprezentovali Michal Bartek (poslanec NR SR) a Igor \u0160imko (poslanec NR SR) a za PS pri\u0161li Zuzana Mesterov\u00e1 (predsedn\u00ed\u010dka poslaneck\u00e9ho klubu) a Peter B\u00e1tor (zahrani\u010dn\u00fd expert).","og_url":"\/hu\/https:\/\/igorsimko.sk\/hu\/mosty-v-kosickom-kraji-su-v-alarmujucom-stave\/\/","og_site_name":"www.igorsimko.sk","article_published_time":"2026-04-14T12:11:42+00:00","article_modified_time":"2026-04-29T08:02:48+00:00","og_image":[{"width":2560,"height":1706,"url":"http:\/\/igorsimko.sk\/wp-content\/uploads\/2026\/01\/DSC05071-1-scaled.jpg","type":"image\/jpeg"}],"author":"Igor \u0160imko","twitter_card":"summary_large_image","twitter_misc":{"Autor":"Igor \u0160imko","Predpokladan\u00fd \u010das \u010d\u00edtania":"7 min\u00fat"},"schema":{"@context":"https:\/\/schema.org","@graph":[{"@type":"Article","@id":"https:\/\/igorsimko.sk\/hu\/mosty-v-kosickom-kraji-su-v-alarmujucom-stave\/#article","isPartOf":{"@id":"https:\/\/igorsimko.sk\/hu\/mosty-v-kosickom-kraji-su-v-alarmujucom-stave\/"},"author":{"name":"Igor \u0160imko","@id":"https:\/\/igorsimko.sk\/#\/schema\/person\/356ef4c752e749ac28f30b31a94ae95d"},"headline":"Mosty v Ko\u0161ickom kraji s\u00fa v alarmuj\u00facom stave","datePublished":"2026-04-14T12:11:42+00:00","dateModified":"2026-04-29T08:02:48+00:00","mainEntityOfPage":{"@id":"https:\/\/igorsimko.sk\/hu\/mosty-v-kosickom-kraji-su-v-alarmujucom-stave\/"},"wordCount":2503,"commentCount":0,"publisher":{"@id":"https:\/\/igorsimko.sk\/#\/schema\/person\/356ef4c752e749ac28f30b31a94ae95d"},"image":{"@id":"https:\/\/igorsimko.sk\/hu\/mosty-v-kosickom-kraji-su-v-alarmujucom-stave\/#primaryimage"},"thumbnailUrl":"https:\/\/igorsimko.sk\/wp-content\/uploads\/2026\/04\/e0bebf0e-51d9-4c63-ac8e-963e4ff87649.webp","keywords":["Politika","V\u00fdchod"],"articleSection":["Ko\u0161ice"],"inLanguage":"sk-SK","potentialAction":[{"@type":"CommentAction","name":"Comment","target":["https:\/\/igorsimko.sk\/hu\/mosty-v-kosickom-kraji-su-v-alarmujucom-stave\/#respond"]}]},{"@type":"WebPage","@id":"https:\/\/igorsimko.sk\/hu\/mosty-v-kosickom-kraji-su-v-alarmujucom-stave\/","url":"https:\/\/igorsimko.sk\/hu\/mosty-v-kosickom-kraji-su-v-alarmujucom-stave\/","name":"Igor \u0160imko - Mosty v Ko\u0161ickom kraji s\u00fa v alarmuj\u00facom stave","isPartOf":{"@id":"https:\/\/igorsimko.sk\/#website"},"primaryImageOfPage":{"@id":"https:\/\/igorsimko.sk\/hu\/mosty-v-kosickom-kraji-su-v-alarmujucom-stave\/#primaryimage"},"image":{"@id":"https:\/\/igorsimko.sk\/hu\/mosty-v-kosickom-kraji-su-v-alarmujucom-stave\/#primaryimage"},"thumbnailUrl":"https:\/\/igorsimko.sk\/wp-content\/uploads\/2026\/04\/e0bebf0e-51d9-4c63-ac8e-963e4ff87649.webp","datePublished":"2026-04-14T12:11:42+00:00","dateModified":"2026-04-29T08:02:48+00:00","description":"Igor \u0160imko bije na poplach! Mosty v Ko\u0161ickom kraji s\u00fa v alarmuj\u00facom stave: Je to zlyhanie syst\u00e9mu","breadcrumb":{"@id":"https:\/\/igorsimko.sk\/hu\/mosty-v-kosickom-kraji-su-v-alarmujucom-stave\/#breadcrumb"},"inLanguage":"sk-SK","potentialAction":[{"@type":"ReadAction","target":["https:\/\/igorsimko.sk\/hu\/mosty-v-kosickom-kraji-su-v-alarmujucom-stave\/"]}]},{"@type":"ImageObject","inLanguage":"sk-SK","@id":"https:\/\/igorsimko.sk\/hu\/mosty-v-kosickom-kraji-su-v-alarmujucom-stave\/#primaryimage","url":"https:\/\/igorsimko.sk\/wp-content\/uploads\/2026\/04\/e0bebf0e-51d9-4c63-ac8e-963e4ff87649.webp","contentUrl":"https:\/\/igorsimko.sk\/wp-content\/uploads\/2026\/04\/e0bebf0e-51d9-4c63-ac8e-963e4ff87649.webp","width":1680,"height":945,"caption":"Mosty v Ko\u0161ickom kraji s\u00fa v alarmuj\u00facom stave"},{"@type":"BreadcrumbList","@id":"https:\/\/igorsimko.sk\/hu\/mosty-v-kosickom-kraji-su-v-alarmujucom-stave\/#breadcrumb","itemListElement":[{"@type":"ListItem","position":1,"name":"Domovsk\u00e1 str\u00e1nka","item":"https:\/\/igorsimko.sk\/"},{"@type":"ListItem","position":2,"name":"Mosty v Ko\u0161ickom kraji s\u00fa v alarmuj\u00facom stave"}]},{"@type":"WebSite","@id":"https:\/\/igorsimko.sk\/#website","url":"https:\/\/igorsimko.sk\/","name":"www.igorsimko.sk","description":"","publisher":{"@id":"https:\/\/igorsimko.sk\/#\/schema\/person\/356ef4c752e749ac28f30b31a94ae95d"},"potentialAction":[{"@type":"SearchAction","target":{"@type":"EntryPoint","urlTemplate":"https:\/\/igorsimko.sk\/?s={search_term_string}"},"query-input":{"@type":"PropertyValueSpecification","valueRequired":true,"valueName":"search_term_string"}}],"inLanguage":"sk-SK"},{"@type":["Person","Organization"],"@id":"https:\/\/igorsimko.sk\/#\/schema\/person\/356ef4c752e749ac28f30b31a94ae95d","name":"Igor \u0160imko","image":{"@type":"ImageObject","inLanguage":"sk-SK","@id":"https:\/\/igorsimko.sk\/#\/schema\/person\/image\/","url":"http:\/\/igorsimko.sk\/wp-content\/uploads\/2026\/01\/logo-s-ramom-scaled.png","contentUrl":"http:\/\/igorsimko.sk\/wp-content\/uploads\/2026\/01\/logo-s-ramom-scaled.png","width":2560,"height":2560,"caption":"Igor \u0160imko"},"logo":{"@id":"https:\/\/igorsimko.sk\/#\/schema\/person\/image\/"},"sameAs":["http:\/\/igorsimko.sk"],"url":"https:\/\/igorsimko.sk\/hu\/author\/privia\/"}]}},"_links":{"self":[{"href":"https:\/\/igorsimko.sk\/hu\/wp-json\/wp\/v2\/posts\/7857","targetHints":{"allow":["GET"]}}],"collection":[{"href":"https:\/\/igorsimko.sk\/hu\/wp-json\/wp\/v2\/posts"}],"about":[{"href":"https:\/\/igorsimko.sk\/hu\/wp-json\/wp\/v2\/types\/post"}],"author":[{"embeddable":true,"href":"https:\/\/igorsimko.sk\/hu\/wp-json\/wp\/v2\/users\/1"}],"replies":[{"embeddable":true,"href":"https:\/\/igorsimko.sk\/hu\/wp-json\/wp\/v2\/comments?post=7857"}],"version-history":[{"count":4,"href":"https:\/\/igorsimko.sk\/hu\/wp-json\/wp\/v2\/posts\/7857\/revisions"}],"predecessor-version":[{"id":7877,"href":"https:\/\/igorsimko.sk\/hu\/wp-json\/wp\/v2\/posts\/7857\/revisions\/7877"}],"wp:featuredmedia":[{"embeddable":true,"href":"https:\/\/igorsimko.sk\/hu\/wp-json\/wp\/v2\/media\/7858"}],"wp:attachment":[{"href":"https:\/\/igorsimko.sk\/hu\/wp-json\/wp\/v2\/media?parent=7857"}],"wp:term":[{"taxonomy":"category","embeddable":true,"href":"https:\/\/igorsimko.sk\/hu\/wp-json\/wp\/v2\/categories?post=7857"},{"taxonomy":"post_tag","embeddable":true,"href":"https:\/\/igorsimko.sk\/hu\/wp-json\/wp\/v2\/tags?post=7857"}],"curies":[{"name":"wp","href":"https:\/\/api.w.org\/{rel}","templated":true}]}}