{"id":7864,"date":"2026-04-07T14:25:09","date_gmt":"2026-04-07T12:25:09","guid":{"rendered":"https:\/\/igorsimko.sk\/?p=7864"},"modified":"2026-04-29T10:03:49","modified_gmt":"2026-04-29T08:03:49","slug":"znamy-poslanec-hlasu-pomohol-bezradnemu-vodicovi-na-ceste","status":"publish","type":"post","link":"https:\/\/igorsimko.sk\/hu\/znamy-poslanec-hlasu-pomohol-bezradnemu-vodicovi-na-ceste\/","title":{"rendered":"Zn\u00e1my poslanec Hlasu pomohol bezradn\u00e9mu vodi\u010dovi na ceste"},"content":{"rendered":"<div id=\"fws_69f42848eec15\"  data-column-margin=\"default\" data-midnight=\"dark\"  class=\"wpb_row vc_row-fluid vc_row\"  style=\"padding-top: 40px; padding-bottom: 0px; \"><div class=\"row-bg-wrap\" data-bg-animation=\"none\" data-bg-animation-delay=\"\" data-bg-overlay=\"false\"><div class=\"inner-wrap row-bg-layer\" ><div class=\"row-bg viewport-desktop\"  style=\"\"><\/div><\/div><\/div><div class=\"row_col_wrap_12 col span_12 dark left\">\n\t<div  class=\"vc_col-sm-12 wpb_column column_container vc_column_container col no-extra-padding inherit_tablet inherit_phone flex_gap_desktop_10px\"  data-padding-pos=\"all\" data-has-bg-color=\"false\" data-bg-color=\"\" data-bg-opacity=\"1\" data-animation=\"\" data-delay=\"0\" >\n\t\t<div class=\"vc_column-inner\" >\n\t\t\t<div class=\"wpb_wrapper\">\n\t\t\t\t\n<div class=\"wpb_text_column wpb_content_element\" >\n\t<h1 id=\"headingComponentId\" class=\"Heading_heading__Z2oPL\" data-don=\"article_title\">EXKLUZ\u00cdVNE V n\u00fadzi pozn\u00e1\u0161&#8230; \u0160imka! Zn\u00e1my poslanec Hlasu pomohol bezradn\u00e9mu vodi\u010dovi na ceste<\/h1>\n<p>&nbsp;<\/p>\n<p>Mus\u00edme si pom\u00e1ha\u0165. Zrejme tohto hesla sa dr\u017e\u00ed poslanec NR SR za Hlas-SD Igor \u0160imko (37), ktor\u00fd tesne pred Ve\u013ekou nocou uk\u00e1zal, \u017ee \u013eudskos\u0165 sa z na\u0161ich \u017eivotov st\u00e1le nevytratila. Roden\u00fd Ko\u0161i\u010dan nev\u00e1hal zastavi\u0165 pri odstavenom aute na frekventovanej ceste a po obozn\u00e1men\u00ed sa so situ\u00e1ciou si jednoducho obliekol reflexn\u00fa vestu a odstaven\u00e9 vozidlo z\u00fafal\u00e9ho vodi\u010da pomohol odtla\u010di\u0165 na ne\u010falek\u00fa benz\u00ednov\u00fa pumpu.<\/p>\n<div id=\"paragraphBlock-1\" class=\"ParagraphBlock_wrapper__QkYgi\">\n<p class=\"ParagraphBlock_paragraph__hJWYe\">Ve\u013ekono\u010dn\u00e9 sviatky s\u00fa ka\u017edoro\u010dne obdob\u00edm zhonu. Nez\u00e1le\u017e\u00ed na tom, \u010di pracujete v kancel\u00e1rii, fabrike alebo\u00a0<a href=\"https:\/\/www1.pluska.sk\/spravy\/fico-bije-na-poplach-opozicne-sialenstvo-moze-skoncit-nasilim\" target=\"_blank\" rel=\"noopener\">politike\u00a0<\/a>\u2013 v\u0161etci rie\u0161ime n\u00e1kupy, chyst\u00e1me jedlo, upratujeme a sna\u017e\u00edme sa stihn\u00fa\u0165 v\u0161etko na posledn\u00fa chv\u00ed\u013eu.<\/p>\n<p class=\"ParagraphBlock_paragraph__hJWYe\"><strong>Presne v takomto tempe sa ocitol aj jeden vodi\u010d v Ko\u0161iciach, ktor\u00e9mu na v\u00fdpadovke smerom na letisko jednoducho do\u0161lo palivo.<\/strong>\u00a0Svoju star\u0161iu \u0160kodu Octavia tak musel\u00a0<strong>odstavi\u0165\u00a0<\/strong>pri ceste a bezradne rie\u0161il, \u010do \u010falej. Situ\u00e1cia, ktor\u00fa pozn\u00e1 nejeden vodi\u010d.<\/p>\n<p class=\"ParagraphBlock_paragraph__hJWYe\">Len\u017ee tentoraz sa pr\u00edbeh nevyv\u00edjal \u00faplne be\u017ene. Ako n\u00e1m nap\u00edsal \u010ditate\u013e, ktor\u00fd bol na opa\u010dnej strane \u201ev\u00fdpadovky\u201c a z\u00e1rove\u0148 \u010dakal na <strong>od\u0165ah\u00a0<\/strong>svojho pokazen\u00e9ho vlastn\u00e9ho auta, za odstaven\u00fdm vozidlom zrazu zastavilo \u010fal\u0161ie auto.\u00a0<strong>Vyst\u00fapil z neho u\u017e spom\u00ednan\u00fd Igor \u0160imko.\u00a0<\/strong>Ten sa bez v\u00e1hania prihovoril vodi\u010dovi, zistil, \u010do sa stalo, a namiesto toho, aby pokra\u010doval v ceste, rozhodol sa pom\u00f4c\u0165.<\/p>\n<p>&nbsp;<\/p>\n<\/div>\n<div id=\"paragraphBlock-2\" class=\"ParagraphBlock_wrapper__QkYgi\">\n<blockquote>\n<p class=\"ParagraphBlock_paragraph__hJWYe\"><strong><em>\u201eObliekol si reflexn\u00fa vestu, a k\u00fdm vodi\u010d sedel za volantom auta, \u0160imko za\u010dal auto tla\u010di\u0165 smerom k ne\u010falekej \u010derpacej stanici,\u201c\u00a0<\/em><\/strong><\/p>\n<\/blockquote>\n<p class=\"ParagraphBlock_paragraph__hJWYe\">prezradil n\u00e1m n\u00e1\u0161 zdroj, ktor\u00fd cel\u00fa situ\u00e1ciu aj zdokumentoval.<\/p>\n<p>&nbsp;<\/p>\n<p class=\"ParagraphBlock_paragraph__hJWYe\">Denn\u00edk Plus JEDEN DE\u0147 <a href=\"https:\/\/www1.pluska.sk\/spravy\/regiony-uz-nemozu-doplacat-na-konsolidaciu-odkazal-simko-energopomoc-by-dal-na-charitu\" target=\"_blank\" rel=\"noopener\">\u0160imka\u00a0<\/a>oslovil a ten n\u00e1m udalosti potvrdil.<strong><em>\u00a0<\/em><\/strong><\/p>\n<p>&nbsp;<\/p>\n<\/div>\n<blockquote><p>\n<strong><em>\u201eI\u0161iel som na predve\u013ekono\u010dn\u00fd n\u00e1kup z Ko\u0161\u00edc do \u0160ace. Videl som, \u017ee p\u00e1r metrov od benz\u00ednky je odstaven\u00e9 auto a p\u00e1n si pod\u013ea v\u0161etk\u00e9ho nevedel poradi\u0165. Ke\u010f\u017ee mi povedal, \u017ee mu asi do\u0161lo palivo, dal som si vestu a odtla\u010dil som ho. Aspo\u0148 u\u0161etril za bandasku, ktor\u00fa som ja musel ned\u00e1vno kupova\u0165. Dnes, ke\u010f je\u00a0<\/em><\/strong><a href=\"https:\/\/www1.pluska.sk\/spravy\/cena-nafty-bude-o-piatka-opat-vyssia-rezort-financii-zverejnil-nove-sumy-ako-porastu\" target=\"_blank\" rel=\"noopener\">nafta\u00a0<\/a><strong><em>drah\u0161ia, \u00faplne ch\u00e1pem, ak niekto ide tzv. na doraz,\u201c<\/em><\/strong>\n<\/p><\/blockquote>\n<p>prezradil n\u00e1m poslanec.<\/p>\n<\/div>\n\n\n\n<div class=\"img-with-aniamtion-wrap\" data-max-width=\"100%\" data-max-width-mobile=\"default\" data-shadow=\"none\" data-animation=\"none\" >\n      <div class=\"inner\">\n        <div class=\"hover-wrap\"> \n          <div class=\"hover-wrap-inner\">\n            <img loading=\"lazy\" decoding=\"async\" class=\"img-with-animation skip-lazy\" data-delay=\"0\" height=\"775\" width=\"1680\" data-animation=\"none\" src=\"https:\/\/igorsimko.sk\/wp-content\/uploads\/2026\/04\/b9ffefad-75a0-4c17-8f60-bd1d2e9a9323.webp\" alt=\"\" srcset=\"https:\/\/igorsimko.sk\/wp-content\/uploads\/2026\/04\/b9ffefad-75a0-4c17-8f60-bd1d2e9a9323.webp 1680w, https:\/\/igorsimko.sk\/wp-content\/uploads\/2026\/04\/b9ffefad-75a0-4c17-8f60-bd1d2e9a9323-300x138.webp 300w, https:\/\/igorsimko.sk\/wp-content\/uploads\/2026\/04\/b9ffefad-75a0-4c17-8f60-bd1d2e9a9323-1024x472.webp 1024w, https:\/\/igorsimko.sk\/wp-content\/uploads\/2026\/04\/b9ffefad-75a0-4c17-8f60-bd1d2e9a9323-768x354.webp 768w, https:\/\/igorsimko.sk\/wp-content\/uploads\/2026\/04\/b9ffefad-75a0-4c17-8f60-bd1d2e9a9323-1536x709.webp 1536w, https:\/\/igorsimko.sk\/wp-content\/uploads\/2026\/04\/b9ffefad-75a0-4c17-8f60-bd1d2e9a9323-18x8.webp 18w\" sizes=\"auto, (max-width: 1680px) 100vw, 1680px\" \/>\n          <\/div>\n        <\/div>\n        \n      <\/div>\n    <\/div>\n<div class=\"wpb_text_column wpb_content_element\" >\n\t<div id=\"paragraphBlock-7\" class=\"ParagraphBlock_wrapper__QkYgi\">\n<div class=\"ImageBlock_wrapper__MPLRf\">\n<div class=\"ImageBlock_caption-wrapper__FQVBu\">\n<p class=\"image-block-caption\" style=\"text-align: center;\"><em>Poslanec Hlasu Igor \u0160imko pomohol z\u00fafal\u00e9mu vodi\u010dovi a odtla\u010dil jeho auto na ne\u010falek\u00fa pumpu. Autu do\u0161lo palivo, \u0160imko p\u00e1novi aj zaplatil \u00fatratu na benz\u00ednke.<\/em><\/p>\n<\/div>\n<p>Jeho pomoc neostala len pri odtla\u010den\u00ed auta na pumpu:<\/p>\n<blockquote><p>\n<strong><em>\u201eU\u010dili ma doma, \u017ee ak m\u00f4\u017eem, tak st\u00e1le treba pom\u00f4c\u0165. Natankoval som mu aspo\u0148 za 10 \u20ac.\u201c<\/em><\/strong>\n<\/p><\/blockquote>\n<p>&nbsp;<\/p>\n<\/div>\n<div id=\"headingBlock-1\" class=\"HeadingBlock_wrapper__UtdLJ\">\n<h3><\/h3>\n<h3><strong>Vie, ak\u00fd je to pocit!<\/strong><\/h3>\n<\/div>\n<div id=\"paragraphBlock-4\" class=\"ParagraphBlock_wrapper__QkYgi\">\n<p class=\"ParagraphBlock_paragraph__hJWYe\">N\u00e1s zaujal aj jeho pr\u00edbeh s bandasku. Ako priznal, nie je to tak d\u00e1vno, \u010do podobn\u00fd probl\u00e9m musel rie\u0161i\u0165 aj on s\u00e1m.<\/p>\n<blockquote>\n<p class=\"ParagraphBlock_paragraph__hJWYe\">\u201e<strong><em>Viem presne, ak\u00fd je to pocit, ke\u010f d\u00f4jde palivo. Takto mi do\u0161lo naposledy na jese\u0148 2025, ke\u010f som v zhone nenatankoval a ostal som prekvapen\u00fd,\u201c\u00a0<\/em><\/strong><\/p>\n<\/blockquote>\n<p class=\"ParagraphBlock_paragraph__hJWYe\">pribl\u00ed\u017eil n\u00e1m \u0160imko.<\/p>\n<\/div>\n<\/div>\n<\/div>\n\n\n\n<div class=\"img-with-aniamtion-wrap\" data-max-width=\"100%\" data-max-width-mobile=\"default\" data-shadow=\"none\" data-animation=\"none\" >\n      <div class=\"inner\">\n        <div class=\"hover-wrap\"> \n          <div class=\"hover-wrap-inner\">\n            <img loading=\"lazy\" decoding=\"async\" class=\"img-with-animation skip-lazy\" data-delay=\"0\" height=\"2240\" width=\"1680\" data-animation=\"none\" src=\"https:\/\/igorsimko.sk\/wp-content\/uploads\/2026\/04\/faee1383-839b-4d97-bb06-bf630ed8b862.webp\" alt=\"\" srcset=\"https:\/\/igorsimko.sk\/wp-content\/uploads\/2026\/04\/faee1383-839b-4d97-bb06-bf630ed8b862.webp 1680w, https:\/\/igorsimko.sk\/wp-content\/uploads\/2026\/04\/faee1383-839b-4d97-bb06-bf630ed8b862-225x300.webp 225w, https:\/\/igorsimko.sk\/wp-content\/uploads\/2026\/04\/faee1383-839b-4d97-bb06-bf630ed8b862-768x1024.webp 768w, https:\/\/igorsimko.sk\/wp-content\/uploads\/2026\/04\/faee1383-839b-4d97-bb06-bf630ed8b862-1152x1536.webp 1152w, https:\/\/igorsimko.sk\/wp-content\/uploads\/2026\/04\/faee1383-839b-4d97-bb06-bf630ed8b862-1536x2048.webp 1536w, https:\/\/igorsimko.sk\/wp-content\/uploads\/2026\/04\/faee1383-839b-4d97-bb06-bf630ed8b862-9x12.webp 9w\" sizes=\"auto, (max-width: 1680px) 100vw, 1680px\" \/>\n          <\/div>\n        <\/div>\n        \n      <\/div>\n    <\/div>\n\t\t\t<\/div> \n\t\t<\/div>\n\t<\/div> \n<\/div><\/div>\n\t\t<div id=\"fws_69f42848f08aa\"  data-column-margin=\"default\" data-midnight=\"dark\"  class=\"wpb_row vc_row-fluid vc_row\"  style=\"padding-top: 40px; padding-bottom: 0px; \"><div class=\"row-bg-wrap\" data-bg-animation=\"none\" data-bg-animation-delay=\"\" data-bg-overlay=\"false\"><div class=\"inner-wrap row-bg-layer\" ><div class=\"row-bg viewport-desktop\"  style=\"\"><\/div><\/div><\/div><div class=\"row_col_wrap_12 col span_12 dark left\">\n\t<div  class=\"vc_col-sm-12 wpb_column column_container vc_column_container col no-extra-padding force-desktop-text-align-center inherit_tablet inherit_phone\"  data-padding-pos=\"all\" data-has-bg-color=\"false\" data-bg-color=\"\" data-bg-opacity=\"1\" data-animation=\"\" data-delay=\"0\" >\n\t\t<div class=\"vc_column-inner\" >\n\t\t\t<div class=\"wpb_wrapper\">\n\t\t\t\t\n\t\t\t<\/div> \n\t\t<\/div>\n\t<\/div> \n<\/div><\/div>\n\t\t<div id=\"fws_69f42848f0af2\"  data-column-margin=\"default\" data-midnight=\"dark\"  class=\"wpb_row vc_row-fluid vc_row\"  style=\"padding-top: 0px; padding-bottom: 0px; \"><div class=\"row-bg-wrap\" data-bg-animation=\"none\" data-bg-animation-delay=\"\" data-bg-overlay=\"false\"><div class=\"inner-wrap row-bg-layer\" ><div class=\"row-bg viewport-desktop\"  style=\"\"><\/div><\/div><\/div><div class=\"row_col_wrap_12 col span_12 dark left\">\n\t<div  class=\"vc_col-sm-12 wpb_column column_container vc_column_container col no-extra-padding inherit_tablet inherit_phone flex_gap_desktop_10px\"  data-padding-pos=\"all\" data-has-bg-color=\"false\" data-bg-color=\"\" data-bg-opacity=\"1\" data-animation=\"\" data-delay=\"0\" >\n\t\t<div class=\"vc_column-inner\" >\n\t\t\t<div class=\"wpb_wrapper\">\n\t\t\t\t\n<div class=\"wpb_text_column wpb_content_element\" >\n\t<p><span style=\"color: #850001;\"><strong>Pozrite si cel\u00fd \u010dl\u00e1nok ni\u017e\u0161ie \u2193<\/strong><\/span><\/p>\n<p><em>Zdroj: <a href=\"https:\/\/www1.pluska.sk\/spravy\/exkluzivne-v-nudzi-poznas-simka-znamy-poslanec-hlasu-pomohol-bezradnemu-vodicovi-na-ceste\"><strong>pluska.sk<\/strong> &#8211; https:\/\/www1.pluska.sk\/spravy\/exkluzivne-v-nudzi-poznas-simka-znamy-poslanec-hlasu-pomohol-bezradnemu-vodicovi-na-ceste<\/a><\/em><\/p>\n<div class=\"detail_author_wrap\">\n<div class=\"detail_author\">\n<div class=\"detail_author_item\"><\/div>\n<\/div>\n<\/div>\n<div class=\"detail_author_wrap\">\n<div class=\"detail_author\">\n<div class=\"detail_author_item\"><\/div>\n<\/div>\n<\/div>\n<\/div>\n\n\n\n\n\t\t\t<\/div> \n\t\t<\/div>\n\t<\/div> \n<\/div><\/div>\n\t\t<div id=\"fws_69f42848f0e73\"  data-column-margin=\"default\" data-midnight=\"dark\"  class=\"wpb_row vc_row-fluid vc_row\"  style=\"padding-top: 0px; padding-bottom: 0px; \"><div class=\"row-bg-wrap\" data-bg-animation=\"none\" data-bg-animation-delay=\"\" data-bg-overlay=\"false\"><div class=\"inner-wrap row-bg-layer\" ><div class=\"row-bg viewport-desktop\"  style=\"\"><\/div><\/div><\/div><div class=\"row_col_wrap_12 col span_12 dark left\">\n\t<div  class=\"vc_col-sm-12 wpb_column column_container vc_column_container col no-extra-padding inherit_tablet inherit_phone flex_gap_desktop_10px\"  data-padding-pos=\"all\" data-has-bg-color=\"false\" data-bg-color=\"\" data-bg-opacity=\"1\" data-animation=\"\" data-delay=\"0\" >\n\t\t<div class=\"vc_column-inner\" >\n\t\t\t<div class=\"wpb_wrapper\">\n\t\t\t\t\n\t\t\t<\/div> \n\t\t<\/div>\n\t<\/div> \n<\/div><\/div>","protected":false},"excerpt":{"rendered":"EXKLUZ\u00cdVNE V n\u00fadzi pozn\u00e1\u0161... \u0160imka! Zn\u00e1my poslanec Hlasu pomohol bezradn\u00e9mu vodi\u010dovi na ceste &nbsp; Mus\u00edme si pom\u00e1ha\u0165. Zrejme tohto hesla sa dr\u017e\u00ed poslanec NR SR...","protected":false},"author":1,"featured_media":7865,"comment_status":"open","ping_status":"open","sticky":false,"template":"","format":"standard","meta":{"footnotes":""},"categories":[103],"tags":[71],"class_list":{"0":"post-7864","1":"post","2":"type-post","3":"status-publish","4":"format-standard","5":"has-post-thumbnail","7":"category-kosice-sk","8":"tag-vychod"},"yoast_head":"<!-- This site is optimized with the Yoast SEO plugin v26.8 - https:\/\/yoast.com\/product\/yoast-seo-wordpress\/ -->\n<title>Igor \u0160imko - Pomohol bezradn\u00e9mu vodi\u010dovi na ceste<\/title>\n<meta name=\"description\" content=\"V n\u00fadzi pozn\u00e1\u0161... \u0160imka! Zn\u00e1my poslanec Hlasu pomohol bezradn\u00e9mu vodi\u010dovi na ceste\" \/>\n<meta name=\"robots\" content=\"index, follow, max-snippet:-1, max-image-preview:large, max-video-preview:-1\" \/>\n<link rel=\"canonical\" href=\"\/hu\/https:\/\/igorsimko.sk\/hu\/znamy-poslanec-hlasu-pomohol-bezradnemu-vodicovi-na-ceste\/\/\" \/>\n<meta property=\"og:locale\" content=\"sk_SK\" \/>\n<meta property=\"og:type\" content=\"article\" \/>\n<meta property=\"og:title\" content=\"Igor \u0160imko - Zn\u00e1my poslanec Hlasu pomohol bezradn\u00e9mu vodi\u010dovi na ceste\" \/>\n<meta property=\"og:description\" content=\"Hlas-SD reprezentovali Michal Bartek (poslanec NR SR) a Igor \u0160imko (poslanec NR SR) a za PS pri\u0161li Zuzana Mesterov\u00e1 (predsedn\u00ed\u010dka poslaneck\u00e9ho klubu) a Peter B\u00e1tor (zahrani\u010dn\u00fd expert).\" \/>\n<meta property=\"og:url\" content=\"\/hu\/https:\/\/igorsimko.sk\/hu\/znamy-poslanec-hlasu-pomohol-bezradnemu-vodicovi-na-ceste\/\/\" \/>\n<meta property=\"og:site_name\" content=\"www.igorsimko.sk\" \/>\n<meta property=\"article:published_time\" content=\"2026-04-07T12:25:09+00:00\" \/>\n<meta property=\"article:modified_time\" content=\"2026-04-29T08:03:49+00:00\" \/>\n<meta property=\"og:image\" content=\"http:\/\/igorsimko.sk\/wp-content\/uploads\/2026\/01\/DSC05071-1-scaled.jpg\" \/>\n\t<meta property=\"og:image:width\" content=\"2560\" \/>\n\t<meta property=\"og:image:height\" content=\"1706\" \/>\n\t<meta property=\"og:image:type\" content=\"image\/jpeg\" \/>\n<meta name=\"author\" content=\"Igor \u0160imko\" \/>\n<meta name=\"twitter:card\" content=\"summary_large_image\" \/>\n<meta name=\"twitter:label1\" content=\"Autor\" \/>\n\t<meta name=\"twitter:data1\" content=\"Igor \u0160imko\" \/>\n\t<meta name=\"twitter:label2\" content=\"Predpokladan\u00fd \u010das \u010d\u00edtania\" \/>\n\t<meta name=\"twitter:data2\" content=\"3 min\u00faty\" \/>\n<script type=\"application\/ld+json\" class=\"yoast-schema-graph\">{\"@context\":\"https:\/\/schema.org\",\"@graph\":[{\"@type\":\"Article\",\"@id\":\"https:\/\/igorsimko.sk\/hu\/znamy-poslanec-hlasu-pomohol-bezradnemu-vodicovi-na-ceste\/#article\",\"isPartOf\":{\"@id\":\"https:\/\/igorsimko.sk\/hu\/znamy-poslanec-hlasu-pomohol-bezradnemu-vodicovi-na-ceste\/\"},\"author\":{\"name\":\"Igor \u0160imko\",\"@id\":\"https:\/\/igorsimko.sk\/#\/schema\/person\/356ef4c752e749ac28f30b31a94ae95d\"},\"headline\":\"Zn\u00e1my poslanec Hlasu pomohol bezradn\u00e9mu vodi\u010dovi na ceste\",\"datePublished\":\"2026-04-07T12:25:09+00:00\",\"dateModified\":\"2026-04-29T08:03:49+00:00\",\"mainEntityOfPage\":{\"@id\":\"https:\/\/igorsimko.sk\/hu\/znamy-poslanec-hlasu-pomohol-bezradnemu-vodicovi-na-ceste\/\"},\"wordCount\":1368,\"commentCount\":0,\"publisher\":{\"@id\":\"https:\/\/igorsimko.sk\/#\/schema\/person\/356ef4c752e749ac28f30b31a94ae95d\"},\"image\":{\"@id\":\"https:\/\/igorsimko.sk\/hu\/znamy-poslanec-hlasu-pomohol-bezradnemu-vodicovi-na-ceste\/#primaryimage\"},\"thumbnailUrl\":\"https:\/\/igorsimko.sk\/wp-content\/uploads\/2026\/04\/971bc7a1-ecca-4910-be0e-4947b48d1de8.webp\",\"keywords\":[\"V\u00fdchod\"],\"articleSection\":[\"Ko\u0161ice\"],\"inLanguage\":\"sk-SK\",\"potentialAction\":[{\"@type\":\"CommentAction\",\"name\":\"Comment\",\"target\":[\"https:\/\/igorsimko.sk\/hu\/znamy-poslanec-hlasu-pomohol-bezradnemu-vodicovi-na-ceste\/#respond\"]}]},{\"@type\":\"WebPage\",\"@id\":\"https:\/\/igorsimko.sk\/hu\/znamy-poslanec-hlasu-pomohol-bezradnemu-vodicovi-na-ceste\/\",\"url\":\"https:\/\/igorsimko.sk\/hu\/znamy-poslanec-hlasu-pomohol-bezradnemu-vodicovi-na-ceste\/\",\"name\":\"Igor \u0160imko - Pomohol bezradn\u00e9mu vodi\u010dovi na ceste\",\"isPartOf\":{\"@id\":\"https:\/\/igorsimko.sk\/#website\"},\"primaryImageOfPage\":{\"@id\":\"https:\/\/igorsimko.sk\/hu\/znamy-poslanec-hlasu-pomohol-bezradnemu-vodicovi-na-ceste\/#primaryimage\"},\"image\":{\"@id\":\"https:\/\/igorsimko.sk\/hu\/znamy-poslanec-hlasu-pomohol-bezradnemu-vodicovi-na-ceste\/#primaryimage\"},\"thumbnailUrl\":\"https:\/\/igorsimko.sk\/wp-content\/uploads\/2026\/04\/971bc7a1-ecca-4910-be0e-4947b48d1de8.webp\",\"datePublished\":\"2026-04-07T12:25:09+00:00\",\"dateModified\":\"2026-04-29T08:03:49+00:00\",\"description\":\"V n\u00fadzi pozn\u00e1\u0161... \u0160imka! Zn\u00e1my poslanec Hlasu pomohol bezradn\u00e9mu vodi\u010dovi na ceste\",\"breadcrumb\":{\"@id\":\"https:\/\/igorsimko.sk\/hu\/znamy-poslanec-hlasu-pomohol-bezradnemu-vodicovi-na-ceste\/#breadcrumb\"},\"inLanguage\":\"sk-SK\",\"potentialAction\":[{\"@type\":\"ReadAction\",\"target\":[\"https:\/\/igorsimko.sk\/hu\/znamy-poslanec-hlasu-pomohol-bezradnemu-vodicovi-na-ceste\/\"]}]},{\"@type\":\"ImageObject\",\"inLanguage\":\"sk-SK\",\"@id\":\"https:\/\/igorsimko.sk\/hu\/znamy-poslanec-hlasu-pomohol-bezradnemu-vodicovi-na-ceste\/#primaryimage\",\"url\":\"https:\/\/igorsimko.sk\/wp-content\/uploads\/2026\/04\/971bc7a1-ecca-4910-be0e-4947b48d1de8.webp\",\"contentUrl\":\"https:\/\/igorsimko.sk\/wp-content\/uploads\/2026\/04\/971bc7a1-ecca-4910-be0e-4947b48d1de8.webp\",\"width\":1680,\"height\":945,\"caption\":\"Zn\u00e1my poslanec Hlasu pomohol bezradn\u00e9mu vodi\u010dovi na ceste\"},{\"@type\":\"BreadcrumbList\",\"@id\":\"https:\/\/igorsimko.sk\/hu\/znamy-poslanec-hlasu-pomohol-bezradnemu-vodicovi-na-ceste\/#breadcrumb\",\"itemListElement\":[{\"@type\":\"ListItem\",\"position\":1,\"name\":\"Domovsk\u00e1 str\u00e1nka\",\"item\":\"https:\/\/igorsimko.sk\/\"},{\"@type\":\"ListItem\",\"position\":2,\"name\":\"Zn\u00e1my poslanec Hlasu pomohol bezradn\u00e9mu vodi\u010dovi na ceste\"}]},{\"@type\":\"WebSite\",\"@id\":\"https:\/\/igorsimko.sk\/#website\",\"url\":\"https:\/\/igorsimko.sk\/\",\"name\":\"www.igorsimko.sk\",\"description\":\"\",\"publisher\":{\"@id\":\"https:\/\/igorsimko.sk\/#\/schema\/person\/356ef4c752e749ac28f30b31a94ae95d\"},\"potentialAction\":[{\"@type\":\"SearchAction\",\"target\":{\"@type\":\"EntryPoint\",\"urlTemplate\":\"https:\/\/igorsimko.sk\/?s={search_term_string}\"},\"query-input\":{\"@type\":\"PropertyValueSpecification\",\"valueRequired\":true,\"valueName\":\"search_term_string\"}}],\"inLanguage\":\"sk-SK\"},{\"@type\":[\"Person\",\"Organization\"],\"@id\":\"https:\/\/igorsimko.sk\/#\/schema\/person\/356ef4c752e749ac28f30b31a94ae95d\",\"name\":\"Igor \u0160imko\",\"image\":{\"@type\":\"ImageObject\",\"inLanguage\":\"sk-SK\",\"@id\":\"https:\/\/igorsimko.sk\/#\/schema\/person\/image\/\",\"url\":\"http:\/\/igorsimko.sk\/wp-content\/uploads\/2026\/01\/logo-s-ramom-scaled.png\",\"contentUrl\":\"http:\/\/igorsimko.sk\/wp-content\/uploads\/2026\/01\/logo-s-ramom-scaled.png\",\"width\":2560,\"height\":2560,\"caption\":\"Igor \u0160imko\"},\"logo\":{\"@id\":\"https:\/\/igorsimko.sk\/#\/schema\/person\/image\/\"},\"sameAs\":[\"http:\/\/igorsimko.sk\"],\"url\":\"https:\/\/igorsimko.sk\/hu\/author\/privia\/\"}]}<\/script>\n<!-- \/ Yoast SEO plugin. -->","yoast_head_json":{"title":"Igor \u0160imko - Pomohol bezradn\u00e9mu vodi\u010dovi na ceste","description":"V n\u00fadzi pozn\u00e1\u0161... \u0160imka! Zn\u00e1my poslanec Hlasu pomohol bezradn\u00e9mu vodi\u010dovi na ceste","robots":{"index":"index","follow":"follow","max-snippet":"max-snippet:-1","max-image-preview":"max-image-preview:large","max-video-preview":"max-video-preview:-1"},"canonical":"\/hu\/https:\/\/igorsimko.sk\/hu\/znamy-poslanec-hlasu-pomohol-bezradnemu-vodicovi-na-ceste\/\/","og_locale":"sk_SK","og_type":"article","og_title":"Igor \u0160imko - Zn\u00e1my poslanec Hlasu pomohol bezradn\u00e9mu vodi\u010dovi na ceste","og_description":"Hlas-SD reprezentovali Michal Bartek (poslanec NR SR) a Igor \u0160imko (poslanec NR SR) a za PS pri\u0161li Zuzana Mesterov\u00e1 (predsedn\u00ed\u010dka poslaneck\u00e9ho klubu) a Peter B\u00e1tor (zahrani\u010dn\u00fd expert).","og_url":"\/hu\/https:\/\/igorsimko.sk\/hu\/znamy-poslanec-hlasu-pomohol-bezradnemu-vodicovi-na-ceste\/\/","og_site_name":"www.igorsimko.sk","article_published_time":"2026-04-07T12:25:09+00:00","article_modified_time":"2026-04-29T08:03:49+00:00","og_image":[{"width":2560,"height":1706,"url":"http:\/\/igorsimko.sk\/wp-content\/uploads\/2026\/01\/DSC05071-1-scaled.jpg","type":"image\/jpeg"}],"author":"Igor \u0160imko","twitter_card":"summary_large_image","twitter_misc":{"Autor":"Igor \u0160imko","Predpokladan\u00fd \u010das \u010d\u00edtania":"3 min\u00faty"},"schema":{"@context":"https:\/\/schema.org","@graph":[{"@type":"Article","@id":"https:\/\/igorsimko.sk\/hu\/znamy-poslanec-hlasu-pomohol-bezradnemu-vodicovi-na-ceste\/#article","isPartOf":{"@id":"https:\/\/igorsimko.sk\/hu\/znamy-poslanec-hlasu-pomohol-bezradnemu-vodicovi-na-ceste\/"},"author":{"name":"Igor \u0160imko","@id":"https:\/\/igorsimko.sk\/#\/schema\/person\/356ef4c752e749ac28f30b31a94ae95d"},"headline":"Zn\u00e1my poslanec Hlasu pomohol bezradn\u00e9mu vodi\u010dovi na ceste","datePublished":"2026-04-07T12:25:09+00:00","dateModified":"2026-04-29T08:03:49+00:00","mainEntityOfPage":{"@id":"https:\/\/igorsimko.sk\/hu\/znamy-poslanec-hlasu-pomohol-bezradnemu-vodicovi-na-ceste\/"},"wordCount":1368,"commentCount":0,"publisher":{"@id":"https:\/\/igorsimko.sk\/#\/schema\/person\/356ef4c752e749ac28f30b31a94ae95d"},"image":{"@id":"https:\/\/igorsimko.sk\/hu\/znamy-poslanec-hlasu-pomohol-bezradnemu-vodicovi-na-ceste\/#primaryimage"},"thumbnailUrl":"https:\/\/igorsimko.sk\/wp-content\/uploads\/2026\/04\/971bc7a1-ecca-4910-be0e-4947b48d1de8.webp","keywords":["V\u00fdchod"],"articleSection":["Ko\u0161ice"],"inLanguage":"sk-SK","potentialAction":[{"@type":"CommentAction","name":"Comment","target":["https:\/\/igorsimko.sk\/hu\/znamy-poslanec-hlasu-pomohol-bezradnemu-vodicovi-na-ceste\/#respond"]}]},{"@type":"WebPage","@id":"https:\/\/igorsimko.sk\/hu\/znamy-poslanec-hlasu-pomohol-bezradnemu-vodicovi-na-ceste\/","url":"https:\/\/igorsimko.sk\/hu\/znamy-poslanec-hlasu-pomohol-bezradnemu-vodicovi-na-ceste\/","name":"Igor \u0160imko - Pomohol bezradn\u00e9mu vodi\u010dovi na ceste","isPartOf":{"@id":"https:\/\/igorsimko.sk\/#website"},"primaryImageOfPage":{"@id":"https:\/\/igorsimko.sk\/hu\/znamy-poslanec-hlasu-pomohol-bezradnemu-vodicovi-na-ceste\/#primaryimage"},"image":{"@id":"https:\/\/igorsimko.sk\/hu\/znamy-poslanec-hlasu-pomohol-bezradnemu-vodicovi-na-ceste\/#primaryimage"},"thumbnailUrl":"https:\/\/igorsimko.sk\/wp-content\/uploads\/2026\/04\/971bc7a1-ecca-4910-be0e-4947b48d1de8.webp","datePublished":"2026-04-07T12:25:09+00:00","dateModified":"2026-04-29T08:03:49+00:00","description":"V n\u00fadzi pozn\u00e1\u0161... \u0160imka! Zn\u00e1my poslanec Hlasu pomohol bezradn\u00e9mu vodi\u010dovi na ceste","breadcrumb":{"@id":"https:\/\/igorsimko.sk\/hu\/znamy-poslanec-hlasu-pomohol-bezradnemu-vodicovi-na-ceste\/#breadcrumb"},"inLanguage":"sk-SK","potentialAction":[{"@type":"ReadAction","target":["https:\/\/igorsimko.sk\/hu\/znamy-poslanec-hlasu-pomohol-bezradnemu-vodicovi-na-ceste\/"]}]},{"@type":"ImageObject","inLanguage":"sk-SK","@id":"https:\/\/igorsimko.sk\/hu\/znamy-poslanec-hlasu-pomohol-bezradnemu-vodicovi-na-ceste\/#primaryimage","url":"https:\/\/igorsimko.sk\/wp-content\/uploads\/2026\/04\/971bc7a1-ecca-4910-be0e-4947b48d1de8.webp","contentUrl":"https:\/\/igorsimko.sk\/wp-content\/uploads\/2026\/04\/971bc7a1-ecca-4910-be0e-4947b48d1de8.webp","width":1680,"height":945,"caption":"Zn\u00e1my poslanec Hlasu pomohol bezradn\u00e9mu vodi\u010dovi na ceste"},{"@type":"BreadcrumbList","@id":"https:\/\/igorsimko.sk\/hu\/znamy-poslanec-hlasu-pomohol-bezradnemu-vodicovi-na-ceste\/#breadcrumb","itemListElement":[{"@type":"ListItem","position":1,"name":"Domovsk\u00e1 str\u00e1nka","item":"https:\/\/igorsimko.sk\/"},{"@type":"ListItem","position":2,"name":"Zn\u00e1my poslanec Hlasu pomohol bezradn\u00e9mu vodi\u010dovi na ceste"}]},{"@type":"WebSite","@id":"https:\/\/igorsimko.sk\/#website","url":"https:\/\/igorsimko.sk\/","name":"www.igorsimko.sk","description":"","publisher":{"@id":"https:\/\/igorsimko.sk\/#\/schema\/person\/356ef4c752e749ac28f30b31a94ae95d"},"potentialAction":[{"@type":"SearchAction","target":{"@type":"EntryPoint","urlTemplate":"https:\/\/igorsimko.sk\/?s={search_term_string}"},"query-input":{"@type":"PropertyValueSpecification","valueRequired":true,"valueName":"search_term_string"}}],"inLanguage":"sk-SK"},{"@type":["Person","Organization"],"@id":"https:\/\/igorsimko.sk\/#\/schema\/person\/356ef4c752e749ac28f30b31a94ae95d","name":"Igor \u0160imko","image":{"@type":"ImageObject","inLanguage":"sk-SK","@id":"https:\/\/igorsimko.sk\/#\/schema\/person\/image\/","url":"http:\/\/igorsimko.sk\/wp-content\/uploads\/2026\/01\/logo-s-ramom-scaled.png","contentUrl":"http:\/\/igorsimko.sk\/wp-content\/uploads\/2026\/01\/logo-s-ramom-scaled.png","width":2560,"height":2560,"caption":"Igor \u0160imko"},"logo":{"@id":"https:\/\/igorsimko.sk\/#\/schema\/person\/image\/"},"sameAs":["http:\/\/igorsimko.sk"],"url":"https:\/\/igorsimko.sk\/hu\/author\/privia\/"}]}},"_links":{"self":[{"href":"https:\/\/igorsimko.sk\/hu\/wp-json\/wp\/v2\/posts\/7864","targetHints":{"allow":["GET"]}}],"collection":[{"href":"https:\/\/igorsimko.sk\/hu\/wp-json\/wp\/v2\/posts"}],"about":[{"href":"https:\/\/igorsimko.sk\/hu\/wp-json\/wp\/v2\/types\/post"}],"author":[{"embeddable":true,"href":"https:\/\/igorsimko.sk\/hu\/wp-json\/wp\/v2\/users\/1"}],"replies":[{"embeddable":true,"href":"https:\/\/igorsimko.sk\/hu\/wp-json\/wp\/v2\/comments?post=7864"}],"version-history":[{"count":3,"href":"https:\/\/igorsimko.sk\/hu\/wp-json\/wp\/v2\/posts\/7864\/revisions"}],"predecessor-version":[{"id":7873,"href":"https:\/\/igorsimko.sk\/hu\/wp-json\/wp\/v2\/posts\/7864\/revisions\/7873"}],"wp:featuredmedia":[{"embeddable":true,"href":"https:\/\/igorsimko.sk\/hu\/wp-json\/wp\/v2\/media\/7865"}],"wp:attachment":[{"href":"https:\/\/igorsimko.sk\/hu\/wp-json\/wp\/v2\/media?parent=7864"}],"wp:term":[{"taxonomy":"category","embeddable":true,"href":"https:\/\/igorsimko.sk\/hu\/wp-json\/wp\/v2\/categories?post=7864"},{"taxonomy":"post_tag","embeddable":true,"href":"https:\/\/igorsimko.sk\/hu\/wp-json\/wp\/v2\/tags?post=7864"}],"curies":[{"name":"wp","href":"https:\/\/api.w.org\/{rel}","templated":true}]}}